{"id":8764,"date":"2023-12-12T15:11:18","date_gmt":"2023-12-12T14:11:18","guid":{"rendered":"https:\/\/alfamedia.com\/?p=8764"},"modified":"2023-12-12T15:11:18","modified_gmt":"2023-12-12T14:11:18","slug":"nouvelles-versions-2023-10-2023-11-et-2023-12","status":"publish","type":"post","link":"https:\/\/alfamedia.com\/fr\/nouvelles-versions-2023-10-2023-11-et-2023-12\/","title":{"rendered":"Nouvelles versions : 2023.10, 2023.11 et 2023.12 !"},"content":{"rendered":"<p>Dans cet aper\u00e7u, nous aimerions vous pr\u00e9senter les innovations et les am\u00e9liorations que nous avons mises en \u0153uvre dans nos produits pour vous au quatri\u00e8me trimestre 2023.<\/p>\n<p>&nbsp;<\/p>\n<h3>BusinessLine<\/h3>\n<p><a href=\"#AdSuite\">AdSuite<\/a><\/p>\n<p><a href=\"#Stylo\">Stylo<\/a><\/p>\n<h3>ProductionLine<\/h3>\n<p><a href=\"#ProductAdmin\">ProductAdmin<\/a><\/p>\n<p><a href=\"#PageServer\">PageServer<\/a><\/p>\n<p><a href=\"#ProductPlanner\">ProductPlanner<\/a><\/p>\n<p><a href=\"#WebTracker\">WebTracker<\/a><\/p>\n<p><a href=\"#NewsSuite-Atlas-Schnittstelle\">NewsSuite-Atlas-Schnittstelle<\/a><\/p>\n<p><a href=\"#ProductionInterface\">ProductionInterface<\/a><\/p>\n<h3>ContentLine<\/h3>\n<p><a href=\"#PrintLayout\">PrintLayout<\/a><\/p>\n<p><a href=\"#EditorialOrganiser\">EditorialOrganiser<\/a><\/p>\n<p><a href=\"#DAM - Digital Asset Manager\">DAM &#8211; Digital Asset Manager<\/a><\/p>\n<p><a href=\"#FeeCon\">FeeCon<\/a><\/p>\n<p>&nbsp;<\/p>\n<h2>BusinessLine<\/h2>\n<h3><strong><a id=\"AdSuite\"><\/a>AdSuite<\/strong><\/h3>\n<div class=\"level1\">\n<h4 id=\"ki-basiertes_suchmodul\" class=\"sectionedit1\">Module de recherche bas\u00e9 sur l&rsquo;IA<\/h4>\n<p>La fonctionnalit\u00e9 d\u00e9crite ici ne fait pas partie de la norme AdSuite, mais fait l&rsquo;objet d&rsquo;une licence distincte. Si vous \u00eates int\u00e9ress\u00e9, veuillez contacter le consultant responsable de votre dossier ou utiliser l&rsquo;une des <a href=\"https:\/\/alfamedia.com\/fr\/contact\/\" target=\"_blank\" rel=\"noopener\">options de contact indiqu\u00e9es ici<\/a>.<\/p>\n<p>Si l&rsquo;option \u00ab\u00a0AI support for search\u00a0\u00bb est activ\u00e9e dans l&rsquo;onglet client \u00ab\u00a0AI support\u00a0\u00bb, un bouton suppl\u00e9mentaire appara\u00eet dans la bo\u00eete de dialogue de recherche dans ASM, qui peut \u00eatre utilis\u00e9 pour lancer la recherche bas\u00e9e sur l&rsquo;IA.<\/p>\n<p><img loading=\"lazy\" decoding=\"async\" class=\"size-large wp-image-8666 aligncenter\" src=\"https:\/\/alfamedia.com\/wp-content\/uploads\/2023\/12\/asm2312-ki01-EN-1024x326.png\" alt=\"\" width=\"1024\" height=\"326\" srcset=\"https:\/\/alfamedia.com\/wp-content\/uploads\/2023\/12\/asm2312-ki01-EN-1024x326.png 1024w, https:\/\/alfamedia.com\/wp-content\/uploads\/2023\/12\/asm2312-ki01-EN-300x96.png 300w, https:\/\/alfamedia.com\/wp-content\/uploads\/2023\/12\/asm2312-ki01-EN-660x210.png 660w, https:\/\/alfamedia.com\/wp-content\/uploads\/2023\/12\/asm2312-ki01-EN-1536x490.png 1536w, https:\/\/alfamedia.com\/wp-content\/uploads\/2023\/12\/asm2312-ki01-EN.png 1904w\" sizes=\"auto, (max-width: 1024px) 100vw, 1024px\" \/><\/p>\n<p>En cliquant sur ce bouton, vous ouvrez une fen\u00eatre dans laquelle vous pouvez saisir la requ\u00eate de recherche. La langue dans laquelle la requ\u00eate est saisie n&rsquo;a pas d&rsquo;importance. En cliquant sur \u00ab\u00a0Envoyer la requ\u00eate de recherche \u00e0 l&rsquo;IA\u00a0\u00bb, la requ\u00eate de recherche est analys\u00e9e sur la base de l&rsquo;IA.<\/p>\n<p><img loading=\"lazy\" decoding=\"async\" class=\"size-large wp-image-8669 aligncenter\" src=\"https:\/\/alfamedia.com\/wp-content\/uploads\/2023\/12\/asm2312-ki02_EN-1024x455.png\" alt=\"\" width=\"1024\" height=\"455\" srcset=\"https:\/\/alfamedia.com\/wp-content\/uploads\/2023\/12\/asm2312-ki02_EN-1024x455.png 1024w, https:\/\/alfamedia.com\/wp-content\/uploads\/2023\/12\/asm2312-ki02_EN-300x133.png 300w, https:\/\/alfamedia.com\/wp-content\/uploads\/2023\/12\/asm2312-ki02_EN-660x294.png 660w, https:\/\/alfamedia.com\/wp-content\/uploads\/2023\/12\/asm2312-ki02_EN-1536x683.png 1536w, https:\/\/alfamedia.com\/wp-content\/uploads\/2023\/12\/asm2312-ki02_EN.png 1691w\" sizes=\"auto, (max-width: 1024px) 100vw, 1024px\" \/><\/p>\n<p>Le r\u00e9sultat s&rsquo;affiche sous le champ de texte apr\u00e8s quelques secondes. En cliquant sur le bouton \u00ab\u00a0Appliquer comme filtre\u00a0\u00bb, les conditions de filtrage trouv\u00e9es sont saisies dans les champs de recherche correspondants ; en cliquant sur le bouton \u00ab\u00a0Appliquer comme filtre et rechercher\u00a0\u00bb, la recherche des entr\u00e9es correspondantes est \u00e9galement lanc\u00e9e.<\/p>\n<p>Vous pouvez trouver plus d&rsquo;informations sur la nouvelle fonction AI dans notre <a href=\"https:\/\/dokuwiki.alfa.de\/doku.php?id=fr:adsuite:version:v2023.12:ase-2005\" target=\"_blank\" rel=\"noopener\">DokuWiki.<\/a> Vous y trouverez des informations sur la configuration, des captures d&rsquo;\u00e9cran d\u00e9taill\u00e9es, des informations sur les crit\u00e8res, des suggestions de recherche, l&rsquo;historique et le r\u00e9glage fin.<\/p>\n<h4 id=\"darstellung_des_auftrag-status_in_adsuitemarket\" class=\"sectionedit1\">Affichage du statut de la commande dans AdSuiteMarket<\/h4>\n<p>Dans ASM, les informations relatives \u00e0 la commande en cours sont d\u00e9sormais color\u00e9es dans <a href=\"https:\/\/dokuwiki.alfa.de\/doku.php?id=fr:adsuite:version:v2019.5:ase-386\" target=\"_blank\" rel=\"noopener\">la couleur de l&rsquo;\u00e9tat de la commande<\/a>. En outre, une note est affich\u00e9e avant le num\u00e9ro de l&rsquo;ordre pour indiquer s&rsquo;il s&rsquo;agit d&rsquo;une offre, d&rsquo;une r\u00e9servation, d&rsquo;un ordre ou d&rsquo;un ordre annul\u00e9.<br \/>\nCes informations sont \u00e9galement affich\u00e9es dans le n\u0153ud de l&rsquo;ordre.<\/p>\n<p><img loading=\"lazy\" decoding=\"async\" class=\"size-large wp-image-8672 aligncenter\" src=\"https:\/\/alfamedia.com\/wp-content\/uploads\/2023\/12\/asm-2312-auftragsstatus_EN-1024x384.png\" alt=\"\" width=\"1024\" height=\"384\" srcset=\"https:\/\/alfamedia.com\/wp-content\/uploads\/2023\/12\/asm-2312-auftragsstatus_EN-1024x384.png 1024w, https:\/\/alfamedia.com\/wp-content\/uploads\/2023\/12\/asm-2312-auftragsstatus_EN-300x113.png 300w, https:\/\/alfamedia.com\/wp-content\/uploads\/2023\/12\/asm-2312-auftragsstatus_EN-660x248.png 660w, https:\/\/alfamedia.com\/wp-content\/uploads\/2023\/12\/asm-2312-auftragsstatus_EN.png 1506w\" sizes=\"auto, (max-width: 1024px) 100vw, 1024px\" \/><\/p>\n<p>Si une couleur est d\u00e9finie pour l&rsquo;ASM pour un statut, le statut est maintenant \u00e9galement affich\u00e9 dans cette couleur dans la liste des r\u00e9sultats de la recherche.<\/p>\n<h4 id=\"kategorien_in_zusatzfilter-tabkarten\" class=\"sectionedit1\">Cat\u00e9gories dans les onglets de filtre suppl\u00e9mentaires<\/h4>\n<p>Pour toutes les fiches de filtre de recherche, la cat\u00e9gorie (\u00ab\u00a0Client\u00a0\u00bb, \u00ab\u00a0Commande\u00a0\u00bb, \u00ab\u00a0Formulaires de crit\u00e8res\u00a0\u00bb, &#8230;) de laquelle la fiche a \u00e9t\u00e9 tir\u00e9e lors de sa s\u00e9lection est d\u00e9sormais affich\u00e9e dans le coin sup\u00e9rieur gauche.<\/p>\n<p><img loading=\"lazy\" decoding=\"async\" class=\"size-large wp-image-8675 aligncenter\" src=\"https:\/\/alfamedia.com\/wp-content\/uploads\/2023\/12\/asm-2312-zusatzfilter-EN-1024x617.png\" alt=\"\" width=\"1024\" height=\"617\" srcset=\"https:\/\/alfamedia.com\/wp-content\/uploads\/2023\/12\/asm-2312-zusatzfilter-EN-1024x617.png 1024w, https:\/\/alfamedia.com\/wp-content\/uploads\/2023\/12\/asm-2312-zusatzfilter-EN-300x181.png 300w, https:\/\/alfamedia.com\/wp-content\/uploads\/2023\/12\/asm-2312-zusatzfilter-EN-660x398.png 660w, https:\/\/alfamedia.com\/wp-content\/uploads\/2023\/12\/asm-2312-zusatzfilter-EN-1536x925.png 1536w, https:\/\/alfamedia.com\/wp-content\/uploads\/2023\/12\/asm-2312-zusatzfilter-EN.png 1637w\" sizes=\"auto, (max-width: 1024px) 100vw, 1024px\" \/><\/p>\n<h4 id=\"reihenfolge_der_platzierung_von_zusatzfilter-tabkarten\" class=\"sectionedit1\">Ordre de placement des cartes \u00e0 languettes filtrantes suppl\u00e9mentaires<\/h4>\n<p>L&rsquo;ordre des onglets de filtre suppl\u00e9mentaires dans la bo\u00eete de dialogue de recherche ASM d\u00e9pendait auparavant de l&rsquo;ordre dans lequel ils \u00e9taient ajout\u00e9s.<\/p>\n<p>D\u00e9sormais, les utilisateurs peuvent glisser-d\u00e9poser ces onglets dans l&rsquo;ordre souhait\u00e9. Le r\u00e9sultat est imm\u00e9diatement enregistr\u00e9.<\/p>\n<p><img loading=\"lazy\" decoding=\"async\" class=\"size-large wp-image-8678 aligncenter\" src=\"https:\/\/alfamedia.com\/wp-content\/uploads\/2023\/12\/asm-2312-zusatzfilter-reihenfolge-EN-1024x421.png\" alt=\"\" width=\"1024\" height=\"421\" srcset=\"https:\/\/alfamedia.com\/wp-content\/uploads\/2023\/12\/asm-2312-zusatzfilter-reihenfolge-EN-1024x421.png 1024w, https:\/\/alfamedia.com\/wp-content\/uploads\/2023\/12\/asm-2312-zusatzfilter-reihenfolge-EN-300x123.png 300w, https:\/\/alfamedia.com\/wp-content\/uploads\/2023\/12\/asm-2312-zusatzfilter-reihenfolge-EN-660x271.png 660w, https:\/\/alfamedia.com\/wp-content\/uploads\/2023\/12\/asm-2312-zusatzfilter-reihenfolge-EN-1536x631.png 1536w, https:\/\/alfamedia.com\/wp-content\/uploads\/2023\/12\/asm-2312-zusatzfilter-reihenfolge-EN.png 1707w\" sizes=\"auto, (max-width: 1024px) 100vw, 1024px\" \/><\/p>\n<h4 id=\"textsuche_in_drop-down-filtern_im_filterdialog_und_in_reports\" class=\"sectionedit1\">Recherche de texte dans les filtres d\u00e9roulants du dialogue de filtrage et dans les rapports<\/h4>\n<p>Dans ASM, pour les bo\u00eetes de s\u00e9lection d\u00e9roulantes propos\u00e9es dans le dialogue de filtrage et dans les filtres de rapport, une zone de texte est toujours propos\u00e9e dans la ligne sup\u00e9rieure si plus de cinq entr\u00e9es sont r\u00e9pertori\u00e9es, via laquelle une simple recherche textuelle peut \u00eatre effectu\u00e9e dans les entr\u00e9es.<\/p>\n<p>Cette recherche fonctionne sans caract\u00e8res g\u00e9n\u00e9riques :<br \/>\nSeules les entr\u00e9es dont le texte affich\u00e9 contient le texte saisi seront r\u00e9pertori\u00e9es.<\/p>\n<p><img loading=\"lazy\" decoding=\"async\" class=\"size-full wp-image-8681 aligncenter\" src=\"https:\/\/alfamedia.com\/wp-content\/uploads\/2023\/12\/asm-2312-textsuche-EN.png\" alt=\"\" width=\"906\" height=\"808\" srcset=\"https:\/\/alfamedia.com\/wp-content\/uploads\/2023\/12\/asm-2312-textsuche-EN.png 906w, https:\/\/alfamedia.com\/wp-content\/uploads\/2023\/12\/asm-2312-textsuche-EN-300x268.png 300w, https:\/\/alfamedia.com\/wp-content\/uploads\/2023\/12\/asm-2312-textsuche-EN-660x589.png 660w\" sizes=\"auto, (max-width: 906px) 100vw, 906px\" \/><\/p>\n<p>En cliquant sur la croix \u00e0 droite du texte recherch\u00e9, le texte est supprim\u00e9 et toutes les entr\u00e9es existantes sont \u00e0 nouveau visibles.<\/p>\n<h4 id=\"kopiertes_motiv_bearbeiten_beim_anlegen_einer_neuen_print-position\" class=\"sectionedit1\">Modifier un motif copi\u00e9 lors de la cr\u00e9ation d&rsquo;une nouvelle position d&rsquo;impression<\/h4>\n<p>Si un motif de <a href=\"https:\/\/dokuwiki.alfa.de\/doku.php?id=fr:adsuite:version:v2023.8:sup-41493\" target=\"_blank\" rel=\"noopener\">la commande en cours ou d&rsquo;une commande tierce devait \u00eatre copi\u00e9<\/a> et utilis\u00e9 lors de la r\u00e9servation de nouveaux articles d&rsquo;impression, l&rsquo;aper\u00e7u de la commande \u00e9tait appel\u00e9 imm\u00e9diatement au lieu de passer \u00e0 l&rsquo;\u00e9cran de conception du motif.<br \/>\nDans ce cas, la question se pose d\u00e9sormais de savoir si le motif doit \u00eatre trait\u00e9 en premier.<\/p>\n<p><img loading=\"lazy\" decoding=\"async\" class=\"size-large wp-image-8684 aligncenter\" src=\"https:\/\/alfamedia.com\/wp-content\/uploads\/2023\/12\/asm-2312-kopiertes-Motiv-EN-1024x590.png\" alt=\"\" width=\"1024\" height=\"590\" srcset=\"https:\/\/alfamedia.com\/wp-content\/uploads\/2023\/12\/asm-2312-kopiertes-Motiv-EN-1024x590.png 1024w, https:\/\/alfamedia.com\/wp-content\/uploads\/2023\/12\/asm-2312-kopiertes-Motiv-EN-300x173.png 300w, https:\/\/alfamedia.com\/wp-content\/uploads\/2023\/12\/asm-2312-kopiertes-Motiv-EN-660x380.png 660w, https:\/\/alfamedia.com\/wp-content\/uploads\/2023\/12\/asm-2312-kopiertes-Motiv-EN.png 1500w\" sizes=\"auto, (max-width: 1024px) 100vw, 1024px\" \/><\/p>\n<h4 id=\"auto-filter_fuer_auftragspositionstyp\" class=\"sectionedit1\">Filtre automatique pour le type d&rsquo;article de la commande<\/h4>\n<p>La fonction de filtre automatique pr\u00e9d\u00e9fini pour les vues des articles de commande, d\u00e9j\u00e0 d\u00e9crite <a href=\"https:\/\/dokuwiki.alfa.de\/doku.php?id=en:adsuite:version:v2016.3:ep_12148\" target=\"_blank\" rel=\"noopener\">ici<\/a> et <a href=\"https:\/\/dokuwiki.alfa.de\/doku.php?id=de:adsuite:version:v2017.2:ep12148_a\" target=\"_blank\" rel=\"noopener\">ici<\/a>, a \u00e9t\u00e9 \u00e9tendue pour inclure un filtre pour la cat\u00e9gorie de l&rsquo;article de commande :<\/p>\n<p><img loading=\"lazy\" decoding=\"async\" class=\"size-large wp-image-8687 aligncenter\" src=\"https:\/\/alfamedia.com\/wp-content\/uploads\/2023\/12\/asm-2312-autofilter02-EN-1024x257.png\" alt=\"\" width=\"1024\" height=\"257\" srcset=\"https:\/\/alfamedia.com\/wp-content\/uploads\/2023\/12\/asm-2312-autofilter02-EN-1024x257.png 1024w, https:\/\/alfamedia.com\/wp-content\/uploads\/2023\/12\/asm-2312-autofilter02-EN-300x75.png 300w, https:\/\/alfamedia.com\/wp-content\/uploads\/2023\/12\/asm-2312-autofilter02-EN-660x165.png 660w, https:\/\/alfamedia.com\/wp-content\/uploads\/2023\/12\/asm-2312-autofilter02-EN.png 1089w\" sizes=\"auto, (max-width: 1024px) 100vw, 1024px\" \/><\/p>\n<p><img loading=\"lazy\" decoding=\"async\" class=\"size-large wp-image-8690 aligncenter\" src=\"https:\/\/alfamedia.com\/wp-content\/uploads\/2023\/12\/asm-2312-autofilter01-EN.png\" alt=\"\" width=\"776\" height=\"418\" srcset=\"https:\/\/alfamedia.com\/wp-content\/uploads\/2023\/12\/asm-2312-autofilter01-EN.png 776w, https:\/\/alfamedia.com\/wp-content\/uploads\/2023\/12\/asm-2312-autofilter01-EN-300x162.png 300w, https:\/\/alfamedia.com\/wp-content\/uploads\/2023\/12\/asm-2312-autofilter01-EN-660x356.png 660w\" sizes=\"auto, (max-width: 776px) 100vw, 776px\" \/><\/p>\n<h4 id=\"reihenfolge_der_taskbar_buttons_aendern\" class=\"sectionedit1\">Modifier l&rsquo;ordre des boutons de la barre des t\u00e2ches<\/h4>\n<p>L&rsquo;ordre des boutons de la barre des t\u00e2ches peut \u00eatre modifi\u00e9 par glisser-d\u00e9poser.<br \/>\nSi vous \u00eates dans votre propre mise en page, vous pouvez modifier l&rsquo;ordre directement et le changement est alors \u00e9galement sauvegard\u00e9 dans <strong>votre mise en page personnelle<\/strong>.<\/p>\n<p><img loading=\"lazy\" decoding=\"async\" class=\"size-full wp-image-8693 aligncenter\" src=\"https:\/\/alfamedia.com\/wp-content\/uploads\/2023\/12\/asm-2312-reihenfolge-taskbar-EN.png\" alt=\"\" width=\"400\" height=\"50\" srcset=\"https:\/\/alfamedia.com\/wp-content\/uploads\/2023\/12\/asm-2312-reihenfolge-taskbar-EN.png 400w, https:\/\/alfamedia.com\/wp-content\/uploads\/2023\/12\/asm-2312-reihenfolge-taskbar-EN-300x38.png 300w\" sizes=\"auto, (max-width: 400px) 100vw, 400px\" \/><\/p>\n<p>Si une mise en page de groupe est utilis\u00e9e, l&rsquo;ordre ne peut pas \u00eatre modifi\u00e9 directement. Pour ce faire, vous devez modifier <strong>la configuration de la pr\u00e9sentation<\/strong>.<br \/>\nSi l&rsquo;utilisateur dispose des droits appropri\u00e9s pour modifier la pr\u00e9sentation des groupes\/r\u00f4les, l&rsquo;ordre de la barre des t\u00e2ches peut \u00eatre modifi\u00e9 \u00e0 ce niveau.<\/p>\n<h4 id=\"ki-gestuetzte_ermittlung_von_kundendaten_aus_einer_webseite\" class=\"sectionedit1\">D\u00e9termination des donn\u00e9es clients d&rsquo;un site web \u00e0 l&rsquo;aide de l&rsquo;IA<\/h4>\n<p><em><strong>Note :<\/strong><\/em> La fonctionnalit\u00e9 d\u00e9crite ici ne fait pas partie de la norme AdSuite, mais fait l&rsquo;objet d&rsquo;une licence distincte. Si vous \u00eates int\u00e9ress\u00e9, veuillez contacter le consultant responsable de votre dossier.<\/p>\n<p id=\"neuen_kunden_anlegen_mit_daten_seiner_website\" class=\"sectionedit2\"><strong>Cr\u00e9er un nouveau client \u00e0 partir des donn\u00e9es de son site web<\/strong><\/p>\n<div class=\"level3\">\n<p>En utilisant le nouvel \u00e9l\u00e9ment de menu \u00ab\u00a0Donn\u00e9es du site web avec Alice\u00a0\u00bb dans le menu d\u00e9roulant sous \u00ab\u00a0Nouveau client\u00a0\u00bb, un nouveau client peut maintenant \u00eatre cr\u00e9\u00e9 avec les donn\u00e9es qui peuvent \u00eatre d\u00e9termin\u00e9es \u00e0 partir de leur site web :<\/p>\n<p><img loading=\"lazy\" decoding=\"async\" class=\"size-large wp-image-8417 aligncenter\" src=\"https:\/\/alfamedia.com\/wp-content\/uploads\/2023\/10\/asm-2023-11-ki-01_EN-1024x523.png\" alt=\"\" width=\"1024\" height=\"523\" srcset=\"https:\/\/alfamedia.com\/wp-content\/uploads\/2023\/10\/asm-2023-11-ki-01_EN-1024x523.png 1024w, https:\/\/alfamedia.com\/wp-content\/uploads\/2023\/10\/asm-2023-11-ki-01_EN-300x153.png 300w, https:\/\/alfamedia.com\/wp-content\/uploads\/2023\/10\/asm-2023-11-ki-01_EN-660x337.png 660w, https:\/\/alfamedia.com\/wp-content\/uploads\/2023\/10\/asm-2023-11-ki-01_EN.png 1090w\" sizes=\"auto, (max-width: 1024px) 100vw, 1024px\" \/><\/p>\n<p>Le site Web est maintenant charg\u00e9 avec certaines de ses sous-pages et analys\u00e9 avec Alice pour y trouver des donn\u00e9es pertinentes sur l&rsquo;entreprise. Les donn\u00e9es suivantes sont recherch\u00e9es :<\/p>\n<ul>\n<li>Type de client<\/li>\n<li>Succursale<\/li>\n<li>Nom du client<\/li>\n<li>Adresse<\/li>\n<li>Num\u00e9ros de t\u00e9l\u00e9phone et de fax<\/li>\n<li>Adresses \u00e9lectroniques<\/li>\n<li>Num\u00e9ro de registre du commerce<\/li>\n<li>Num\u00e9ro d&rsquo;identification de la taxe sur les ventes<\/li>\n<li>Num\u00e9ro de taxe<\/li>\n<li>Personne responsable<\/li>\n<li>Coordonn\u00e9es bancaires<\/li>\n<li>Personne \u00e0 contacter :\n<ul>\n<li>Salutation<\/li>\n<li>Pr\u00e9nom<\/li>\n<li>Nom de famille<\/li>\n<li>Adresse \u00e9lectronique<\/li>\n<li>Num\u00e9ro de t\u00e9l\u00e9phone<\/li>\n<\/ul>\n<\/li>\n<\/ul>\n<p>Les donn\u00e9es collect\u00e9es sont pr\u00e9sent\u00e9es dans un nouveau panneau :<\/p>\n<p><img loading=\"lazy\" decoding=\"async\" class=\"size-large wp-image-8420 aligncenter\" src=\"https:\/\/alfamedia.com\/wp-content\/uploads\/2023\/10\/asm-2023-11-ki-02_EN-206x1024.png\" alt=\"\" width=\"206\" height=\"1024\" \/><\/p>\n<p>&nbsp;<\/p>\n<p>Vous pouvez s\u00e9lectionner les donn\u00e9es qui doivent \u00eatre transf\u00e9r\u00e9es et celles qui ne doivent pas l&rsquo;\u00eatre. Au d\u00e9part, toutes les donn\u00e9es sont s\u00e9lectionn\u00e9es.<\/p>\n<p>Si le type de client propos\u00e9 n&rsquo;est pas repris, \u00ab\u00a0Entreprise\u00a0\u00bb est utilis\u00e9.<\/p>\n<p>Dans le cas d&rsquo;adresses d&rsquo;entreprises, la premi\u00e8re trouv\u00e9e est propos\u00e9e comme adresse principale, toutes les autres comme adresses compl\u00e9mentaires. Il est \u00e9galement possible de s\u00e9lectionner plusieurs types d&rsquo;adresses. Toutefois, une seule adresse principale doit \u00eatre s\u00e9lectionn\u00e9e.<\/p>\n<p>Toutes les donn\u00e9es d\u00e9termin\u00e9es par Alice peuvent \u00eatre corrig\u00e9es \u00e0 nouveau avant d&rsquo;\u00eatre accept\u00e9es. Pour ce faire, il suffit de cliquer sur le crayon \u00e0 droite :<\/p>\n<p><img loading=\"lazy\" decoding=\"async\" class=\"size-full wp-image-8423 aligncenter\" src=\"https:\/\/alfamedia.com\/wp-content\/uploads\/2023\/10\/asm-2023-11-ki-03_EN.png\" alt=\"\" width=\"595\" height=\"284\" srcset=\"https:\/\/alfamedia.com\/wp-content\/uploads\/2023\/10\/asm-2023-11-ki-03_EN.png 595w, https:\/\/alfamedia.com\/wp-content\/uploads\/2023\/10\/asm-2023-11-ki-03_EN-300x143.png 300w\" sizes=\"auto, (max-width: 595px) 100vw, 595px\" \/><\/p>\n<p>Il n&rsquo;est pas facile pour Alice de d\u00e9terminer si une adresse trouv\u00e9e appartient \u00e0 l&rsquo;entreprise ou \u00e0 une personne de contact. En cas de doute, l&rsquo;adresse est propos\u00e9e en tant que personne de contact.<br \/>\nC&rsquo;est pourquoi, pour les personnes de contact disposant d&rsquo;une adresse, il existe une option permettant de \u00ab\u00a0l&rsquo;utiliser comme adresse de l&rsquo;entreprise\u00a0\u00bb. Cette personne de contact est alors supprim\u00e9e et son adresse est class\u00e9e dans les adresses d&rsquo;entreprises, sur fond vert pour une meilleure vue d&rsquo;ensemble :<\/p>\n<p><img loading=\"lazy\" decoding=\"async\" class=\"size-full wp-image-8426 aligncenter\" src=\"https:\/\/alfamedia.com\/wp-content\/uploads\/2023\/10\/asm-2023-11-ki-04_EN.png\" alt=\"\" width=\"749\" height=\"317\" srcset=\"https:\/\/alfamedia.com\/wp-content\/uploads\/2023\/10\/asm-2023-11-ki-04_EN.png 749w, https:\/\/alfamedia.com\/wp-content\/uploads\/2023\/10\/asm-2023-11-ki-04_EN-300x127.png 300w, https:\/\/alfamedia.com\/wp-content\/uploads\/2023\/10\/asm-2023-11-ki-04_EN-660x279.png 660w\" sizes=\"auto, (max-width: 749px) 100vw, 749px\" \/><\/p>\n<p><strong>Enrichir les clients existants avec des donn\u00e9es provenant de leur site web<\/strong><\/p>\n<p>Les clients existants peuvent \u00e9galement utiliser la fonction \u00ab\u00a0Donn\u00e9es du site web avec Alice\u00a0\u00bb pour ajouter des donn\u00e9es suppl\u00e9mentaires provenant de leur site web :<\/p>\n<div class=\"level3\">\n<p><img loading=\"lazy\" decoding=\"async\" class=\"size-full wp-image-8429 aligncenter\" src=\"https:\/\/alfamedia.com\/wp-content\/uploads\/2023\/10\/asm-2023-11-ki-05_EN.png\" alt=\"\" width=\"717\" height=\"360\" srcset=\"https:\/\/alfamedia.com\/wp-content\/uploads\/2023\/10\/asm-2023-11-ki-05_EN.png 717w, https:\/\/alfamedia.com\/wp-content\/uploads\/2023\/10\/asm-2023-11-ki-05_EN-300x151.png 300w, https:\/\/alfamedia.com\/wp-content\/uploads\/2023\/10\/asm-2023-11-ki-05_EN-660x331.png 660w\" sizes=\"auto, (max-width: 717px) 100vw, 717px\" \/><\/p>\n<p>Dans la fen\u00eatre contextuelle de droite, toutes les URL stock\u00e9es sur le client peuvent \u00eatre appel\u00e9es, la premi\u00e8re trouv\u00e9e \u00e9tant d\u00e9j\u00e0 saisie.<\/p>\n<p>Les donn\u00e9es obtenues sont pr\u00e9sent\u00e9es dans le nouveau panneau, avec \u00e0 gauche les donn\u00e9es d\u00e9j\u00e0 saisies pour le client et \u00e0 droite les donn\u00e9es obtenues par Alice \u00e0 partir du site web :<\/p>\n<p><img loading=\"lazy\" decoding=\"async\" class=\"size-large wp-image-8432 aligncenter\" src=\"https:\/\/alfamedia.com\/wp-content\/uploads\/2023\/10\/asm-2023-11-ki-06_EN-360x1024.png\" alt=\"\" width=\"360\" height=\"1024\" srcset=\"https:\/\/alfamedia.com\/wp-content\/uploads\/2023\/10\/asm-2023-11-ki-06_EN-360x1024.png 360w, https:\/\/alfamedia.com\/wp-content\/uploads\/2023\/10\/asm-2023-11-ki-06_EN-105x300.png 105w, https:\/\/alfamedia.com\/wp-content\/uploads\/2023\/10\/asm-2023-11-ki-06_EN-660x1879.png 660w, https:\/\/alfamedia.com\/wp-content\/uploads\/2023\/10\/asm-2023-11-ki-06_EN-719x2048.png 719w, https:\/\/alfamedia.com\/wp-content\/uploads\/2023\/10\/asm-2023-11-ki-06_EN.png 781w\" sizes=\"auto, (max-width: 360px) 100vw, 360px\" \/><\/p>\n<p>\u00c0 droite, les donn\u00e9es qui ne correspondent \u00e0 aucune donn\u00e9e existante sont pr\u00e9s\u00e9lectionn\u00e9es afin de permettre un transfert direct de toutes les nouvelles donn\u00e9es. Les l\u00e9g\u00e8res diff\u00e9rences orthographiques sont compens\u00e9es (par exemple, \u00ab\u00a0Rte.\u00a0\u00bb \u2194 \u00ab\u00a0Route\u00a0\u00bb).<\/p>\n<p>Les dispositions suivantes s&rsquo;appliquent \u00e0 la transmission des donn\u00e9es :<\/p>\n<ul>\n<li>Si une adresse existante n&rsquo;est pas reprise, sa validit\u00e9 est fix\u00e9e \u00e0 \u00ab\u00a0jusqu&rsquo;\u00e0 hier\u00a0\u00bb.<\/li>\n<li>Si une personne de contact existante n&rsquo;est pas reprise, sa validit\u00e9 est fix\u00e9e \u00e0 \u00ab\u00a0non actif\u00a0\u00bb.<\/li>\n<\/ul>\n<h4 id=\"neue_asm_dashboardportlets_meine_auftraege_meine_kunden_meine_rechnungen_und_meine_notizen\" class=\"sectionedit1\">Nouveaux portlets du tableau de bord ASM, mes commandes, mes clients, mes factures et mes notes.<\/h4>\n<p>Les portlets du tableau de bord \u00ab\u00a0Mes clients\u00a0\u00bb, \u00ab\u00a0Mes commandes\u00a0\u00bb et \u00ab\u00a0Mes factures\u00a0\u00bb permettent \u00e0 l&rsquo;utilisateur d&rsquo;afficher des collections d&rsquo;objets correspondants.<\/p>\n<p>Les objets peuvent \u00eatre plac\u00e9s dans les portlets \u00ab\u00a0Mes clients\u00a0\u00bb et \u00ab\u00a0Mes commandes\u00a0\u00bb par glisser-d\u00e9poser ou au niveau sup\u00e9rieur de la commande ou du client via le menu hamburger en s\u00e9lectionnant l&rsquo;\u00e9l\u00e9ment \u00ab\u00a0Inclure dans mes commandes\/clients\u00a0\u00bb.<\/p>\n<p>Le portlet \u00ab\u00a0Mes factures\u00a0\u00bb est aliment\u00e9 aux endroits appropri\u00e9s via le menu hamburger.<\/p>\n<p>Il est possible d&rsquo;\u00e9crire n&rsquo;importe quel texte dans le portlet Notes. La note peut \u00eatre sauvegard\u00e9e manuellement. Elle est toujours sauvegard\u00e9e lors de la d\u00e9connexion.<\/p>\n<\/div>\n<\/div>\n<h4 id=\"ase-1990vorschaubutton_fuer_angebots-_auftragsbestaetigungs-pdf_in_asm\" class=\"sectionedit1\">Bouton de pr\u00e9visualisation de la confirmation de l&rsquo;offre ou de la commande PDF<\/h4>\n<p>Dans ASM, il est d\u00e9sormais possible d&rsquo;afficher un PDF de confirmation d&rsquo;offre ou de commande sous forme d&rsquo;aper\u00e7u. Lors de la cr\u00e9ation d&rsquo;un tel aper\u00e7u, aucune structure de donn\u00e9es n&rsquo;est g\u00e9n\u00e9r\u00e9e et la commande correspondante n&rsquo;est pas sauvegard\u00e9e.<\/p>\n<p><img loading=\"lazy\" decoding=\"async\" class=\"size-full wp-image-8337 aligncenter\" src=\"https:\/\/alfamedia.com\/wp-content\/uploads\/2023\/10\/ASM-2023-10-vorschaubutton-EN.png\" alt=\"\" width=\"600\" height=\"407\" srcset=\"https:\/\/alfamedia.com\/wp-content\/uploads\/2023\/10\/ASM-2023-10-vorschaubutton-EN.png 600w, https:\/\/alfamedia.com\/wp-content\/uploads\/2023\/10\/ASM-2023-10-vorschaubutton-EN-300x204.png 300w\" sizes=\"auto, (max-width: 600px) 100vw, 600px\" \/><\/p>\n<h4 id=\"schnelleingabe_einer_telefonnummer_in_asm\" class=\"sectionedit1\">Saisie rapide d&rsquo;un num\u00e9ro de t\u00e9l\u00e9phone<\/h4>\n<div class=\"level1\">\n<p>Dans ASM, un num\u00e9ro de t\u00e9l\u00e9phone peut d\u00e9sormais \u00eatre saisi simplement \u00e0 l&rsquo;aide d&rsquo;une \u00ab\u00a0saisie rapide\u00a0\u00bb intelligente. La r\u00e9partition correcte dans les diff\u00e9rents champs s&rsquo;effectue en arri\u00e8re-plan.<\/p>\n<p>Remarque : cette routine est \u00e9galement utilis\u00e9e pour transf\u00e9rer un num\u00e9ro de t\u00e9l\u00e9phone <a href=\"https:\/\/dokuwiki.alfa.de\/doku.php?id=en:adsuite:version:v2022.12:ase-1825\" target=\"_blank\" rel=\"noopener\">HubSpot.<\/a><\/p>\n<p><img loading=\"lazy\" decoding=\"async\" class=\"size-large wp-image-8343 aligncenter\" src=\"https:\/\/alfamedia.com\/wp-content\/uploads\/2023\/10\/ASM-2023-10-telefon01-EN.png\" alt=\"\" width=\"600\" height=\"314\" srcset=\"https:\/\/alfamedia.com\/wp-content\/uploads\/2023\/10\/ASM-2023-10-telefon01-EN.png 600w, https:\/\/alfamedia.com\/wp-content\/uploads\/2023\/10\/ASM-2023-10-telefon01-EN-300x157.png 300w\" sizes=\"auto, (max-width: 600px) 100vw, 600px\" \/><\/p>\n<p><img loading=\"lazy\" decoding=\"async\" class=\"size-full wp-image-8340 aligncenter\" src=\"https:\/\/alfamedia.com\/wp-content\/uploads\/2023\/10\/ASM-2023-10-telefon02-EN.png\" alt=\"\" width=\"600\" height=\"194\" srcset=\"https:\/\/alfamedia.com\/wp-content\/uploads\/2023\/10\/ASM-2023-10-telefon02-EN.png 600w, https:\/\/alfamedia.com\/wp-content\/uploads\/2023\/10\/ASM-2023-10-telefon02-EN-300x97.png 300w\" sizes=\"auto, (max-width: 600px) 100vw, 600px\" \/><\/p>\n<h4>Nouveau processus OrderServer pour l&rsquo;envoi par e-mail des \u00e9preuves des clients<\/h4>\n<p>Un nouveau processus OrderServer est disponible pour l&rsquo;envoi par e-mail des \u00e9preuves des clients. Vous trouverez plus de d\u00e9tails dans notre <a href=\"https:\/\/dokuwiki.alfa.de\/doku.php?id=en:adsuite:version:v2023.10:ase-2028a\" target=\"_blank\" rel=\"noopener\">Doku-Wiki<\/a>.<\/p>\n<h4 id=\"eigener_mailtyp_zum_versenden_von_kundenkorrekturabzuegen\" class=\"sectionedit1\">Type de courrier propre pour l&rsquo;envoi des \u00e9preuves de correction des clients<\/h4>\n<p>Les courriels de preuve client ne sont plus envoy\u00e9s via le type de courrier \u00ab\u00a0Courrier unique\u00a0\u00bb mais via le nouveau type de courrier \u00ab\u00a0Envoyer une preuve client\u00a0\u00bb.<\/p>\n<\/div>\n<\/div>\n<p><a href=\"#top\">Retour au d\u00e9but<\/a><\/p>\n<p>&nbsp;<\/p>\n<h3><strong><a id=\"Stylo\"><\/a>Stylo<\/strong><\/h3>\n<div class=\"level2\">\n<h4>Sauvegarder en XML<\/h4>\n<p>Le menu d&rsquo;exportation peut d\u00e9sormais \u00eatre utilis\u00e9 pour exporter un fichier XML n\u00e9cessaire \u00e0 l&rsquo;importation d&rsquo;un dessin ou mod\u00e8le dans AdSuite. L&rsquo;entr\u00e9e doit \u00eatre explicitement activ\u00e9e dans le groupe de droits.<\/p>\n<h4>Nouveau type d&rsquo;objet : \u00c9toile<\/h4>\n<p>Outre le rectangle, l&rsquo;ellipse, la ligne et le cadre de texte, le stylo reconna\u00eet d\u00e9sormais le nouveau type d&rsquo;\u00e9toile. Comme pour le rectangle et l&rsquo;ellipse, il est possible d&rsquo;attribuer \u00e0 l&rsquo;\u00e9toile une couleur d&rsquo;arri\u00e8re-plan, un d\u00e9grad\u00e9 de couleurs, une image d&rsquo;arri\u00e8re-plan, une couleur de cadre, une \u00e9paisseur de cadre et des pointes arrondies. L&rsquo;\u00e9toile est \u00e9galement d\u00e9finie par le nombre de points et le rayon int\u00e9rieur des points int\u00e9rieurs. Amusez-vous \u00e0 d\u00e9couvrir.<\/p>\n<h4>Param\u00e8tres de la ligne stellaire<\/h4>\n<p>La couleur de la ligne stellaire peut d\u00e9sormais \u00eatre ajust\u00e9e dans les param\u00e8tres de la ligne de l&rsquo;objet stellaire.<\/p>\n<h4>Delete StyloCoreDump<\/h4>\n<p>In the \u00ab\u00a0styloCoreDump\u00a0\u00bb folder in Tomcat, the object files of documents that cannot be saved properly are collected. Stylo deletes all files that are older than 30 days so that outdated files do not remain there.<\/p>\n<h4>Annonces en ligne : Contr\u00f4le de la r\u00e9solution des images<\/h4>\n<p>Les publicit\u00e9s en ligne n&rsquo;ont plus de contr\u00f4le de la r\u00e9solution dans la premi\u00e8re \u00e9tape. Les m\u00e9canismes de contr\u00f4le ne s&rsquo;appliquent plus qu&rsquo;aux publicit\u00e9s imprim\u00e9es.<\/p>\n<h4>Nouvelle interface Stylo<\/h4>\n<p>La nouvelle interface de notre alfa Stylo est devenue la norme depuis juillet dernier. Avec la version de janvier de Stylo, le SmartGWT sera encore \u00e9largi et l&rsquo;ancienne interface ne sera plus disponible \u00e0 partir de maintenant.<\/p>\n<p>L&rsquo;avantage \u00e9vident, outre une meilleure gestion du programme, est un temps de chargement du programme dans le navigateur 30 \u00e0 50 % plus rapide (en fonction de l&rsquo;infrastructure).<\/p>\n<p>Tous les outils n\u00e9cessaires \u00e0 l&rsquo;administration et \u00e0 la configuration de la nouvelle interface Stylo sont disponibles avec la version Stylo 2023.12.<\/p>\n<p>Malheureusement, ce changement n\u00e9cessite une intervention de votre part :<\/p>\n<p>Vous devez r\u00e9viser les groupes de droits pour Stylo et vous pouvez personnaliser l&rsquo;apparence \u00e0 partir de Stylo.<\/p>\n<p>En option, vous pouvez v\u00e9rifier les mod\u00e8les pour voir s&rsquo;il y a des am\u00e9liorations dues aux nouvelles fonctionnalit\u00e9s de Stylo dans la construction des mod\u00e8les.<\/p>\n<p>L&rsquo;avantage est que les mod\u00e8les et les affichages du Stylo avec l&rsquo;ancienne interface peuvent \u00eatre utilis\u00e9s 1:1 dans le nouveau Stylo.<\/p>\n<p>Vous pouvez lire tous les d\u00e9tails dans notre <a href=\"https:\/\/dokuwiki.alfa.de\/doku.php?id=fr:stylo:new_ui_todos\" target=\"_blank\" rel=\"noopener\">DokuWiki<\/a>.<\/p>\n<\/div>\n<p><a href=\"#top\">Retour au d\u00e9but<\/a><\/p>\n<p>&nbsp;<\/p>\n<h2>ProductionLine<\/h2>\n<h3><strong><a id=\"ProductAdmin\"><\/a>ProductAdmin<\/strong><\/h3>\n<h4>Copier des \u00e9chantillons de produits sur un autre serveur<\/h4>\n<p>L&rsquo;espace de travail Administration a \u00e9t\u00e9 \u00e9largi pour inclure les entr\u00e9es Donn\u00e9es de production \u2192 \u00c9chantillons de produits.<br \/>\nCette fonction permet de copier les \u00e9chantillons de produits cr\u00e9\u00e9s par le ProductPlanner du serveur enregistr\u00e9 vers un autre serveur. La description se trouve dans le DokuWiki sous <a href=\"https:\/\/dokuwiki.alfa.de\/doku.php?id=en:productionsuite:productadmin:doku-link:produktionsdaten\" target=\"_blank\" rel=\"noopener\">\u00c9chantillons de produits<\/a>.<\/p>\n<h4>Copie de s\u00e9ries de dispositions d&rsquo;une base de donn\u00e9es vers une autre base de donn\u00e9es<\/h4>\n<p>Les s\u00e9ries de disposition existantes, y compris les \u00e9chantillons de produits attribu\u00e9s, peuvent \u00eatre copi\u00e9es sur un autre serveur via l&rsquo;entr\u00e9e Espace de travail \u2192 Administration \u2192 Donn\u00e9es de production \u2192 S\u00e9ries Dispo.<br \/>\nUne description d\u00e9taill\u00e9e peut \u00eatre trouv\u00e9e dans le DokuWiki sous <a href=\"https:\/\/dokuwiki.alfa.de\/doku.php?id=en:productionsuite:productadmin:doku-link:produktionsdaten#dispo-series\" target=\"_blank\" rel=\"noopener\">Dispo series<\/a>.<\/p>\n<h4>Sauvegarder les fichiers de filigrane dans la base de donn\u00e9es<\/h4>\n<p>Dans le pass\u00e9, il s&rsquo;est av\u00e9r\u00e9 que lorsque le logiciel du serveur OpenMedia \u00e9tait mis \u00e0 jour, les fichiers de filigrane existants n&rsquo;\u00e9taient plus disponibles. Pour contrer ce comportement, la mesure suivante a \u00e9t\u00e9 mise en \u0153uvre :<br \/>\nDans ProductAdmin, l&rsquo;enregistrement des fichiers de filigrane dans les d\u00e9finitions d&rsquo;appareils ne se faisait que sur le serveur dans le r\u00e9pertoire ips\/psv\/templates\/watermark via SFTP. D\u00e9sormais, ce fichier est \u00e9galement stock\u00e9 dans la table de la base de donn\u00e9es PARAMETER. Le PageServer doit donc \u00eatre red\u00e9marr\u00e9 apr\u00e8s une modification des fichiers de filigrane.<\/p>\n<p>Le PageServer t\u00e9l\u00e9chargera ces fichiers \u00e0 partir de la version 2023.12 et les stockera dans le r\u00e9pertoire du serveur pour les utiliser dans les processus d&rsquo;exposition.<\/p>\n<p><a href=\"#top\">Retour au d\u00e9but<\/a><\/p>\n<p>&nbsp;<\/p>\n<h3><strong><a id=\"PageServer\"><\/a>PageServer<\/strong><\/h3>\n<div class=\"li\">\n<h4>Chargement des fichiers de filigrane \u00e0 partir de la base de donn\u00e9es<\/h4>\n<p>A partir de la version 2023.12 de ProductAdmin, les fichiers de filigrane sont sauvegard\u00e9s en tant que param\u00e8tres suppl\u00e9mentaires pour les p\u00e9riph\u00e9riques de sortie dans la base de donn\u00e9es dans la table PARAMETER. Les enregistrements de donn\u00e9es ont les propri\u00e9t\u00e9s PAR-TYPE=\u00a0\u00bbr\u00a0\u00bb et PAR-PROD=107.<br \/>\nCes fichiers suppl\u00e9mentaires sont charg\u00e9s \u00e0 partir de la base de donn\u00e9es lorsque PageServer est d\u00e9marr\u00e9 et stock\u00e9s dans le r\u00e9pertoire cible psv\/templates\/watermark pour \u00eatre utilis\u00e9s.<\/p>\n<\/div>\n<p><a href=\"#top\">Retour au d\u00e9but<\/a><\/p>\n<p>&nbsp;<\/p>\n<h3><strong><a id=\"AdPagination\"><\/a>AdPagination<\/strong><\/h3>\n<h4>Am\u00e9lioration des performances lors du chargement des fillers<\/h4>\n<p>Les aper\u00e7us des remplisseurs \u00e9taient auparavant accessibles via la vue A-FILLER (interface ASE-OpenMedia). Cela pouvait entra\u00eener des dur\u00e9es d&rsquo;ex\u00e9cution plus longues, car cette vue pouvait contenir plusieurs enregistrements de donn\u00e9es pour un remplisseur.<br \/>\nD\u00e9sormais, les aper\u00e7us des remplisseurs sont s\u00e9lectionn\u00e9s en option via la vue A-SONDER-ELEM si celle-ci contient les champs n\u00e9cessaires. Cela n\u00e9cessite l&rsquo;interface ASE-OpenMedia version 2023.11.<\/p>\n<p><a href=\"#top\">Retour au d\u00e9but<\/a><\/p>\n<p>&nbsp;<\/p>\n<h3><strong><a id=\"ProductPlanner\"><\/a>ProductPlanner<\/strong><\/h3>\n<div class=\"li\">\n<h4>Am\u00e9lioration des performances lors du chargement des fillers<\/h4>\n<p>Les aper\u00e7us des remplisseurs \u00e9taient auparavant accessibles via la vue A-FILLER (interface ASE-OpenMedia). Cela pouvait entra\u00eener des dur\u00e9es d&rsquo;ex\u00e9cution plus longues, car cette vue pouvait contenir plusieurs enregistrements de donn\u00e9es pour un remplisseur.<br \/>\nD\u00e9sormais, les aper\u00e7us des remplisseurs sont s\u00e9lectionn\u00e9s en option via la vue A-SONDER-ELEM si celle-ci contient les champs n\u00e9cessaires. Cela n\u00e9cessite l&rsquo;interface ASE-OpenMedia version 2023.11.<\/p>\n<\/div>\n<p><a href=\"#top\">Retour au d\u00e9but<\/a><\/p>\n<p>&nbsp;<\/p>\n<h3><strong><a id=\"WebTracker\"><\/a>WebTracker<\/strong><\/h3>\n<h4>Recherche rapide dans les param\u00e8tres de l&rsquo;application<\/h4>\n<p>Dans ConfigurationAdmin, les donn\u00e9es peuvent d\u00e9sormais \u00eatre rapidement filtr\u00e9es dans les param\u00e8tres de l&rsquo;application \u00e0 l&rsquo;aide d&rsquo;un champ de recherche dans l&rsquo;en-t\u00eate de la liste. La recherche s&rsquo;effectue dans les deux colonnes.<\/p>\n<h4>Liste des param\u00e8tres d&rsquo;application plus compacte<\/h4>\n<p>La liste des param\u00e8tres d&rsquo;application dans ConfigurationAdmin est d\u00e9sormais plus compacte.<\/p>\n<h4>Mise \u00e0 jour du cadre de base et des biblioth\u00e8ques utilis\u00e9es<\/h4>\n<p>Le cadre de base de Spring-Boot a \u00e9t\u00e9 mis \u00e0 jour \u00e0 la version 3.1.5. La version des biblioth\u00e8ques qui en d\u00e9pendent a \u00e9galement \u00e9t\u00e9 partiellement mise \u00e0 jour. Cela a permis de combler diverses failles de s\u00e9curit\u00e9 th\u00e9oriquement possibles.<\/p>\n<p>La mise \u00e0 jour a \u00e9galement \u00e9t\u00e9 effectu\u00e9e dans ConfigurationAdmin et les applications OMConfigService et FeeConfigService.<\/p>\n<h4>Aper\u00e7u de la nouvelle interface React<\/h4>\n<p>La nouvelle interface React du WebTracker peut \u00eatre appel\u00e9e \u00e0 des fins de test et d&rsquo;essai via l&rsquo;url http:\/\/&lt;server&gt;[:&lt;port&gt;]\/WebTracker\/app.<\/p>\n<p><a href=\"#top\">Retour au d\u00e9but<\/a><\/p>\n<p>&nbsp;<\/p>\n<h3><strong><a id=\"NewsSuite-Atlas-Schnittstelle\"><\/a>NewsSuite-Atlas-Schnittstelle<\/strong><\/h3>\n<div class=\"li\">\n<h4>Cr\u00e9ation de pages dans Atlas<\/h4>\n<p>Auparavant, les r\u00e9f\u00e9rences d&rsquo;articles et d&rsquo;images \u00e0 des pages d&rsquo;Atlas n&rsquo;\u00e9taient cr\u00e9\u00e9es que si la page existait dans Atlas. D\u00e9sormais, la page est cr\u00e9\u00e9e dans Atlas si elle n&rsquo;y existait pas.<\/p>\n<p>Les pages ne sont cr\u00e9\u00e9es que si une sous-page plac\u00e9e sur la page est du type \u00e9ditorial, collectif ou en-t\u00eate de page et qu&rsquo;un article est plac\u00e9 sur la sous-page. Les types de sous-pages peuvent \u00eatre personnalis\u00e9s \u00e0 l&rsquo;aide du param\u00e8tre alfa.openmedia.jobs.atlas.page.types.generate.<\/p>\n<p>Le param\u00e8tre alfa.openmedia.jobs.atlas.page.name.generate peut \u00eatre utilis\u00e9 pour configurer si le nom de la page doit \u00eatre g\u00e9n\u00e9r\u00e9 ou, s&rsquo;il est disponible, si le nom de la page existante doit \u00eatre utilis\u00e9. Le nom g\u00e9n\u00e9r\u00e9 se pr\u00e9sente sous la forme &lt;journal&gt;.&lt;num\u00e9ro&gt;.&lt;e-tag&gt;.&lt;num\u00e9ro de page&gt;.<\/p>\n<h4>Mise \u00e0 jour du cadre de base et des biblioth\u00e8ques utilis\u00e9es<\/h4>\n<p>Le cadre de base Spring-Boot a \u00e9t\u00e9 mis \u00e0 jour \u00e0 la version 3.1.5. Par cons\u00e9quent, la version des biblioth\u00e8ques d\u00e9pendantes a \u00e9galement \u00e9t\u00e9 partiellement mise \u00e0 jour.<\/p>\n<p>Par cons\u00e9quent, plusieurs failles de s\u00e9curit\u00e9 th\u00e9oriquement possibles ont \u00e9t\u00e9 combl\u00e9es.<\/p>\n<\/div>\n<p><a href=\"#top\">Retour au d\u00e9but<\/a><\/p>\n<p>&nbsp;<\/p>\n<h3><strong><a id=\"ProductionInterface\"><\/a>ProductionInterface<\/strong><\/h3>\n<h4>Mise \u00e0 jour du framework de base et des biblioth\u00e8ques utilis\u00e9es<\/h4>\n<p>Le cadre de base Spring-Boot a \u00e9t\u00e9 mis \u00e0 jour \u00e0 la version 3.1.5. La version des biblioth\u00e8ques qui en d\u00e9pendent a \u00e9galement \u00e9t\u00e9 partiellement mise \u00e0 jour.<br \/>\nPar cons\u00e9quent, plusieurs failles de s\u00e9curit\u00e9 th\u00e9oriquement possibles ont \u00e9t\u00e9 combl\u00e9es.<\/p>\n<p><a href=\"#top\">Retour au d\u00e9but<\/a><\/p>\n<p>&nbsp;<\/p>\n<h2>ContentLine<\/h2>\n<h3><strong><a id=\"PrintLayout\"><\/a>PrintLayout<\/strong><\/h3>\n<h4>Printlayout doit demander Java 17 lors du d\u00e9marrage via OpenWebStart<\/h4>\n<p>Le d\u00e9marrage de Printlayout via OpenWebStart ne fonctionne pas avec Java 21. Dans Printlayout 2023.12, il a \u00e9t\u00e9 d\u00e9fini que seul Java 17 est t\u00e9l\u00e9charg\u00e9 et utilis\u00e9. Ceci a \u00e9t\u00e9 configur\u00e9 via le fichier JNLP. Printlayout continuera \u00e0 \u00eatre livr\u00e9 avec Java 17, qui b\u00e9n\u00e9ficie d&rsquo;un soutien \u00e0 long terme et sera mis \u00e0 jour jusqu&rsquo;en octobre 2027.<\/p>\n<p><a href=\"#top\">Retour au d\u00e9but<\/a><\/p>\n<p>&nbsp;<\/p>\n<h3><strong><a id=\"EditorialOrganiser\"><\/a>EditorialOrganiser<\/strong><\/h3>\n<div class=\"level2\">\n<h4>Galeries d&rsquo;images dans l&rsquo;aper\u00e7u du sujet<\/h4>\n<p>Les galeries d&rsquo;images affichent d\u00e9sormais un aper\u00e7u de 20 images maximum dans la vue d&rsquo;ensemble du sujet. Ces 20 premi\u00e8res images peuvent \u00eatre r\u00e9organis\u00e9es par glisser-d\u00e9poser.<\/p>\n<\/div>\n<p><img loading=\"lazy\" decoding=\"async\" class=\"size-full wp-image-8450 aligncenter\" src=\"https:\/\/alfamedia.com\/wp-content\/uploads\/2023\/11\/EO-2023-10-bildergalerien.png\" alt=\"\" width=\"907\" height=\"210\" srcset=\"https:\/\/alfamedia.com\/wp-content\/uploads\/2023\/11\/EO-2023-10-bildergalerien.png 907w, https:\/\/alfamedia.com\/wp-content\/uploads\/2023\/11\/EO-2023-10-bildergalerien-300x69.png 300w, https:\/\/alfamedia.com\/wp-content\/uploads\/2023\/11\/EO-2023-10-bildergalerien-660x153.png 660w\" sizes=\"auto, (max-width: 907px) 100vw, 907px\" \/><\/p>\n<h4>Guillemets corrects<\/h4>\n<p>L&rsquo;EditorialOrganiser peut d\u00e9sormais mettre automatiquement des guillemets grammaticalement corrects. Il le fait selon les r\u00e8gles suivantes :<\/p>\n<ul>\n<li>Si un guillemet vient apr\u00e8s un espace, se trouve au d\u00e9but d&rsquo;un paragraphe ou est le premier caract\u00e8re d&rsquo;une cha\u00eene, il doit \u00eatre plac\u00e9 avec un guillemet \u00ab\u00a0en dessous\u00a0\u00bb.<\/li>\n<li>Si la r\u00e8gle pr\u00e9c\u00e9dente ne s&rsquo;applique pas, le guillemet invers\u00e9 doit \u00eatre plac\u00e9 \u00ab\u00a0au-dessus\u00a0\u00bb.<\/li>\n<\/ul>\n<p>Pour activer la fonction, un script doit \u00eatre inclus dans l&rsquo;EditorialOrganiser.<\/p>\n<h4>V\u00e9rification des classes HTML lors de la sauvegarde des blocs de texte<\/h4>\n<p>Si vous sauvegardez un \u00e9l\u00e9ment de bloc de texte dans l&rsquo;administration, le syst\u00e8me v\u00e9rifie d\u00e9sormais si le champ \u00ab\u00a0Balisage s\u00e9mantique\u00a0\u00bb (c&rsquo;est-\u00e0-dire la classe HTML du bloc correspondant) est toujours utilis\u00e9 pour d&rsquo;autres blocs de texte dans l&rsquo;EditorialOrganiser lors de la sauvegarde. Cela n&rsquo;est autoris\u00e9 que si tous les autres blocs de texte correspondants ont \u00e9t\u00e9 d\u00e9finis comme \u00ab\u00a0non utilisables dans l&rsquo;\u00e9diteur\u00a0\u00bb.<\/p>\n<h4>Remplacement des noms de mod\u00e8les d&rsquo;\u00e9diteurs par des noms de canaux<\/h4>\n<p>Auparavant, les mod\u00e8les d&rsquo;\u00e9diteurs pouvaient \u00eatre nomm\u00e9s ind\u00e9pendamment de leurs canaux. D\u00e9sormais, les mod\u00e8les d&rsquo;\u00e9diteurs portent toujours le nom du canal correspondant. En outre, tous les menus qui ne proposaient auparavant que les mod\u00e8les d&rsquo;\u00e9diteur existants sont d\u00e9sormais configur\u00e9s pour proposer tous les canaux.<\/p>\n<p><img loading=\"lazy\" decoding=\"async\" class=\"size-full wp-image-8453 aligncenter\" src=\"https:\/\/alfamedia.com\/wp-content\/uploads\/2023\/11\/EO-2023-10-kanalnamen.png\" alt=\"\" width=\"402\" height=\"119\" srcset=\"https:\/\/alfamedia.com\/wp-content\/uploads\/2023\/11\/EO-2023-10-kanalnamen.png 402w, https:\/\/alfamedia.com\/wp-content\/uploads\/2023\/11\/EO-2023-10-kanalnamen-300x89.png 300w\" sizes=\"auto, (max-width: 402px) 100vw, 402px\" \/><\/p>\n<h4>iCal est d\u00e9sormais d\u00e9sactiv\u00e9 par d\u00e9faut et doit \u00eatre activ\u00e9 dans local_settings<\/h4>\n<p>USE_ICAL_ATTACHMENTS est d\u00e9sormais r\u00e9gl\u00e9 sur \u00ab\u00a0False\u00a0\u00bb par d\u00e9faut. Cela signifie que si ce param\u00e8tre n&rsquo;est pas pr\u00e9sent dans local_settings.py et que les pi\u00e8ces jointes iCal doivent \u00eatre utilis\u00e9es, il doit \u00eatre saisi dans local_settings.py.<\/p>\n<h4>Alice : Option de configuration pour la version ChatGPT<\/h4>\n<p>Dans l&rsquo;administration, il est d\u00e9sormais possible de sp\u00e9cifier le mod\u00e8le OpenAI qu&rsquo;Alice doit utiliser sous \u00ab\u00a0Configuration OpenAI\u00a0\u00bb.<\/p>\n<p><img loading=\"lazy\" decoding=\"async\" class=\"size-full wp-image-8456 aligncenter\" src=\"https:\/\/alfamedia.com\/wp-content\/uploads\/2023\/11\/EO-2023-10-kieinbindung.png\" alt=\"\" width=\"907\" height=\"84\" srcset=\"https:\/\/alfamedia.com\/wp-content\/uploads\/2023\/11\/EO-2023-10-kieinbindung.png 907w, https:\/\/alfamedia.com\/wp-content\/uploads\/2023\/11\/EO-2023-10-kieinbindung-300x28.png 300w, https:\/\/alfamedia.com\/wp-content\/uploads\/2023\/11\/EO-2023-10-kieinbindung-660x61.png 660w\" sizes=\"auto, (max-width: 907px) 100vw, 907px\" \/><\/p>\n<h4>Options de recherche suppl\u00e9mentaires pour la recherche d&rsquo;articles<\/h4>\n<p>En plus des recherches sur le statut du flux de travail \u00ab\u00a0Actif\u00a0\u00bb et \u00ab\u00a0Supprim\u00e9\u00a0\u00bb dans la recherche d&rsquo;articles et d&rsquo;images, il y a maintenant aussi \u00ab\u00a0Planifi\u00e9\u00a0\u00bb et \u00ab\u00a0Non planifi\u00e9\u00a0\u00bb. L&rsquo;option \u00ab\u00a0Planifi\u00e9\u00a0\u00bb contient tous les contenus non supprim\u00e9s dont l&rsquo;exportation est planifi\u00e9e et qui ont une date de d\u00e9but, tandis que l&rsquo;option \u00ab\u00a0Non planifi\u00e9\u00a0\u00bb recherche tous les contenus dont l&rsquo;exportation n&rsquo;est pas planifi\u00e9e ou dont l&rsquo;exportation est planifi\u00e9e mais n&rsquo;a pas de date de d\u00e9but.<\/p>\n<h4>Offrir \u00e9galement le champ \u00ab\u00a0Sujet principal\u00a0\u00bb lors de l&rsquo;\u00e9dition des sujets<\/h4>\n<p>Le champ \u00ab\u00a0Sujet principal\u00a0\u00bb est d\u00e9sormais \u00e9galement disponible lors de l&rsquo;\u00e9dition des sujets et des \u00e9v\u00e9nements, et non plus seulement lors de leur cr\u00e9ation.<\/p>\n<h4>La s\u00e9lection de la fonction de contenu est d\u00e9sactiv\u00e9e lorsqu&rsquo;un article est plac\u00e9<\/h4>\n<p>Si vous ouvrez l&rsquo;\u00e9diteur pour un article avec un canal d&rsquo;impression, le syst\u00e8me v\u00e9rifie si cet article a d\u00e9j\u00e0 \u00e9t\u00e9 export\u00e9 vers la mise en page d&rsquo;impression et y a \u00e9t\u00e9 plac\u00e9. Si c&rsquo;est le cas, la fonction de contenu ne peut plus \u00eatre modifi\u00e9e<\/p>\n<h4>Emp\u00eacher le glisser-d\u00e9poser des images de pr\u00e9visualisation dans l&rsquo;article<\/h4>\n<p>Dans l&rsquo;\u00e9diteur, il \u00e9tait auparavant possible de faire glisser l&rsquo;image de pr\u00e9visualisation d&rsquo;une image d\u00e9j\u00e0 plac\u00e9e dans un bloc vers l&rsquo;\u00e9diteur afin que cette image de pr\u00e9visualisation soit t\u00e9l\u00e9charg\u00e9e et plac\u00e9e dans l&rsquo;article. Il n&rsquo;est d\u00e9sormais plus possible de faire glisser des images dans des blocs.<\/p>\n<h4>Am\u00e9liorer le flux de travail des id\u00e9es de sujets<\/h4>\n<p>Pour les tableaux de planification pour lesquels le tableau d&rsquo;id\u00e9es est configur\u00e9, une entr\u00e9e suppl\u00e9mentaire est maintenant affich\u00e9e dans le menu contextuel qui replace le sujet sur le tableau d&rsquo;id\u00e9es. Pour ce faire, s\u00e9lectionnez l&rsquo;entr\u00e9e \u00ab\u00a0Retirer de la planification et placer sur le tableau d&rsquo;id\u00e9es\u00a0\u00bb. La date de planification est alors supprim\u00e9e de tous les articles du sujet correspondant. Le d\u00e9partement et le canal restent toutefois inchang\u00e9s.<\/p>\n<p><img loading=\"lazy\" decoding=\"async\" class=\"size-full wp-image-8726 aligncenter\" src=\"https:\/\/alfamedia.com\/wp-content\/uploads\/2023\/12\/eo202312-themenideeworkflow.png\" alt=\"\" width=\"907\" height=\"308\" srcset=\"https:\/\/alfamedia.com\/wp-content\/uploads\/2023\/12\/eo202312-themenideeworkflow.png 907w, https:\/\/alfamedia.com\/wp-content\/uploads\/2023\/12\/eo202312-themenideeworkflow-300x102.png 300w, https:\/\/alfamedia.com\/wp-content\/uploads\/2023\/12\/eo202312-themenideeworkflow-660x224.png 660w\" sizes=\"auto, (max-width: 907px) 100vw, 907px\" \/><\/p>\n<h4>Tri des \u00e9tiquettes de th\u00e8me<\/h4>\n<p>Les \u00e9tiquettes de th\u00e8me disposent d\u00e9sormais d&rsquo;un champ pour l&rsquo;ordre de tri, avec lequel vous pouvez ajuster leur ordre, qui est utilis\u00e9 dans le menu contextuel des cartes de planification, dans le dialogue de th\u00e8me et de planification, dans l&rsquo;aper\u00e7u du th\u00e8me et dans le dialogue de cr\u00e9ation pour les \u00e9tiquettes de th\u00e8me elles-m\u00eames.<\/p>\n<p><img loading=\"lazy\" decoding=\"async\" class=\"size-full wp-image-8729 aligncenter\" src=\"https:\/\/alfamedia.com\/wp-content\/uploads\/2023\/12\/eo202312-sortierungthemenlabels.png\" alt=\"\" width=\"907\" height=\"350\" srcset=\"https:\/\/alfamedia.com\/wp-content\/uploads\/2023\/12\/eo202312-sortierungthemenlabels.png 907w, https:\/\/alfamedia.com\/wp-content\/uploads\/2023\/12\/eo202312-sortierungthemenlabels-300x116.png 300w, https:\/\/alfamedia.com\/wp-content\/uploads\/2023\/12\/eo202312-sortierungthemenlabels-660x255.png 660w\" sizes=\"auto, (max-width: 907px) 100vw, 907px\" \/><\/p>\n<p>&nbsp;<\/p>\n<h4>Tableaux d&rsquo;affichage : D\u00e9finir la r\u00e9daction par d\u00e9faut<\/h4>\n<p>Il est d\u00e9sormais possible de configurer une s\u00e9lection par d\u00e9faut pour le champ \u00ab\u00a0R\u00e9daction\u00a0\u00bb dans l&rsquo;administration des tableaux de planification. Cette s\u00e9lection est pr\u00e9d\u00e9finie dans le dialogue lorsque le champ \u00e9ditorial de ce dialogue est affich\u00e9. S&rsquo;il n&rsquo;est pas affich\u00e9, les r\u00e9dactions d\u00e9finies par d\u00e9faut sont \u00e9galement attribu\u00e9es en arri\u00e8re-plan et ajout\u00e9es lors de l&rsquo;enregistrement du tableau de planification.<\/p>\n<div id=\"attachment_8732\" style=\"width: 917px\" class=\"wp-caption aligncenter\"><img loading=\"lazy\" decoding=\"async\" aria-describedby=\"caption-attachment-8732\" class=\"wp-image-8732 size-full\" src=\"https:\/\/alfamedia.com\/wp-content\/uploads\/2023\/12\/eo202312-planungsboards01.png\" alt=\"\" width=\"907\" height=\"485\" srcset=\"https:\/\/alfamedia.com\/wp-content\/uploads\/2023\/12\/eo202312-planungsboards01.png 907w, https:\/\/alfamedia.com\/wp-content\/uploads\/2023\/12\/eo202312-planungsboards01-300x160.png 300w, https:\/\/alfamedia.com\/wp-content\/uploads\/2023\/12\/eo202312-planungsboards01-660x353.png 660w\" sizes=\"auto, (max-width: 907px) 100vw, 907px\" \/><p id=\"caption-attachment-8732\" class=\"wp-caption-text\">Afficher l&rsquo;historique des exportations pass\u00e9es<\/p><\/div>\n<p>Dans l&rsquo;\u00e9diteur, seule la derni\u00e8re exportation effectu\u00e9e par canal est d\u00e9sormais affich\u00e9e par d\u00e9faut. S&rsquo;il y en a plusieurs, un chevron appara\u00eet \u00e0 gauche de la date habituelle. En cliquant dessus, les exportations restantes pour ce canal peuvent \u00eatre d\u00e9velopp\u00e9es.<\/p>\n<p><img loading=\"lazy\" decoding=\"async\" class=\"size-full wp-image-8735 aligncenter\" src=\"https:\/\/alfamedia.com\/wp-content\/uploads\/2023\/12\/eo202312-planungsboards02.png\" alt=\"\" width=\"585\" height=\"310\" srcset=\"https:\/\/alfamedia.com\/wp-content\/uploads\/2023\/12\/eo202312-planungsboards02.png 585w, https:\/\/alfamedia.com\/wp-content\/uploads\/2023\/12\/eo202312-planungsboards02-300x159.png 300w\" sizes=\"auto, (max-width: 585px) 100vw, 585px\" \/><\/p>\n<p><img loading=\"lazy\" decoding=\"async\" class=\"size-large wp-image-8738 aligncenter\" src=\"https:\/\/alfamedia.com\/wp-content\/uploads\/2023\/12\/eo202312-planungsboards03.png\" alt=\"\" width=\"585\" height=\"375\" srcset=\"https:\/\/alfamedia.com\/wp-content\/uploads\/2023\/12\/eo202312-planungsboards03.png 585w, https:\/\/alfamedia.com\/wp-content\/uploads\/2023\/12\/eo202312-planungsboards03-300x192.png 300w\" sizes=\"auto, (max-width: 585px) 100vw, 585px\" \/><\/p>\n<h4>Compteur de caract\u00e8res du texte de base toujours visible<\/h4>\n<p>Si le texte de base \u00e9tait plus long que la hauteur de la fen\u00eatre, le compteur de caract\u00e8res, de mots et de lignes pouvait ne pas \u00eatre visible si l&rsquo;utilisateur se trouvait dans la partie sup\u00e9rieure du texte de base. Pour \u00e9viter ce probl\u00e8me, le compteur flotte d\u00e9sormais en bas de l&rsquo;\u00e9cran tant que l&rsquo;utilisateur se trouve dans la zone de d\u00e9filement des blocs mobiles auxquels ce compteur s&rsquo;applique.<\/p>\n<p><img loading=\"lazy\" decoding=\"async\" class=\"size-full wp-image-8741 aligncenter\" src=\"https:\/\/alfamedia.com\/wp-content\/uploads\/2023\/12\/eo202312-zeichenzaehler.png\" alt=\"\" width=\"907\" height=\"596\" srcset=\"https:\/\/alfamedia.com\/wp-content\/uploads\/2023\/12\/eo202312-zeichenzaehler.png 907w, https:\/\/alfamedia.com\/wp-content\/uploads\/2023\/12\/eo202312-zeichenzaehler-300x197.png 300w, https:\/\/alfamedia.com\/wp-content\/uploads\/2023\/12\/eo202312-zeichenzaehler-660x434.png 660w\" sizes=\"auto, (max-width: 907px) 100vw, 907px\" \/><\/p>\n<h4>Affichage du nom complet du sujet et de l&rsquo;article dans l&rsquo;infobulle des cartes de planification<\/h4>\n<p>Les infobulles des lignes des cartes de planification qui permettent de passer au sujet ou \u00e0 l&rsquo;\u00e9diteur ont \u00e9t\u00e9 \u00e9tendues afin d&rsquo;afficher le nom complet du sujet ou de l&rsquo;article, car seule une forme abr\u00e9g\u00e9e est affich\u00e9e sur la carte, m\u00eame si le nom est tr\u00e8s long.<\/p>\n<p><img loading=\"lazy\" decoding=\"async\" class=\"size-full wp-image-8744 aligncenter\" src=\"https:\/\/alfamedia.com\/wp-content\/uploads\/2023\/12\/eo202312-komplettername.png\" alt=\"\" width=\"907\" height=\"319\" srcset=\"https:\/\/alfamedia.com\/wp-content\/uploads\/2023\/12\/eo202312-komplettername.png 907w, https:\/\/alfamedia.com\/wp-content\/uploads\/2023\/12\/eo202312-komplettername-300x106.png 300w, https:\/\/alfamedia.com\/wp-content\/uploads\/2023\/12\/eo202312-komplettername-660x232.png 660w\" sizes=\"auto, (max-width: 907px) 100vw, 907px\" \/><\/p>\n<h4>Traitement des listes dans l&rsquo;interaction entre les canaux imprim\u00e9s et en ligne<\/h4>\n<p>Il n&rsquo;est toujours pas possible d&rsquo;exporter des \u00e9num\u00e9rations et des listes vers PrintLayout. Pour cette raison, il est encore possible de d\u00e9sactiver la cr\u00e9ation de telles listes dans l&rsquo;\u00e9diteur d&rsquo;articles pour les mod\u00e8les d&rsquo;\u00e9diteurs individuels. Pour \u00e9viter d&rsquo;autres probl\u00e8mes, les \u00e9num\u00e9rations et les listes sont d\u00e9sormais supprim\u00e9es de l&rsquo;article lors du transfert du contenu et de la cr\u00e9ation de variantes. Chaque \u00e9l\u00e9ment de liste devient alors un paragraphe distinct. Toutefois, cela ne se produit que si la variante de l&rsquo;\u00e9diteur de l&rsquo;article cible n&rsquo;autorise pas les \u00e9num\u00e9rations.<\/p>\n<h4>Optimisation de la pr\u00e9-affectation de la date de publication de l&rsquo;article<\/h4>\n<p>La pr\u00e9-affectation de la date de publication a \u00e9t\u00e9 adapt\u00e9e de mani\u00e8re \u00e0 ce qu&rsquo;elle ne soit introduite que lors de la cr\u00e9ation d&rsquo;un article. Pour les articles existants, la date n&rsquo;est plus automatiquement introduite dans les donn\u00e9es de publication si la date de publication est vide.<\/p>\n<h4>Transfert du d\u00e9partement lors de la cr\u00e9ation d&rsquo;articles<\/h4>\n<p>Auparavant, il n&rsquo;\u00e9tait possible de reprendre le d\u00e9partement d&rsquo;un article principal pour une variante nouvellement cr\u00e9\u00e9e que si le param\u00e8tre \u00ab\u00a0ONE_CHANNEL_PER_ARTICLE = False\u00a0\u00bb avait \u00e9t\u00e9 d\u00e9fini dans l&rsquo;ensemble du syst\u00e8me. D\u00e9sormais, l&rsquo;Organisateur \u00e9ditorial tente toujours d&rsquo;adopter un d\u00e9partement et des d\u00e9lais de publication. Le premier d\u00e9partement de l&rsquo;article principal valable pour la variante est utilis\u00e9, ainsi que les d\u00e9lais de publication de la premi\u00e8re exportation planifi\u00e9e \u00e0 laquelle une date de d\u00e9but a \u00e9t\u00e9 attribu\u00e9e.<\/p>\n<p>En outre, le d\u00e9partement du sujet est d\u00e9sormais transf\u00e9r\u00e9 \u00e0 un article cr\u00e9\u00e9 par glisser-d\u00e9poser de texte sur le sujet si ce d\u00e9partement est valide.<\/p>\n<h4>Tableaux de planification : Couloirs de nage suppl\u00e9mentaires pour les priorit\u00e9s, la pertinence et d&rsquo;autres sous-structures<\/h4>\n<p>Dans un tableau de planification, outre les swimlanes connus pour les canaux, les d\u00e9partements et les sous-d\u00e9partements, vous pouvez d\u00e9sormais d\u00e9finir d&rsquo;autres swimlanes qui ne sont pertinents que dans le contexte de ce tableau afin de cartographier les priorit\u00e9s en dessous d&rsquo;un canal ou d&rsquo;un d\u00e9partement, ou les pages d&rsquo;un d\u00e9partement.<\/p>\n<p>Ces couloirs de nage suppl\u00e9mentaires doivent \u00eatre li\u00e9s \u00e0 un canal et peuvent \u00eatre li\u00e9s \u00e0 un d\u00e9partement, de sorte que des couloirs de nage suppl\u00e9mentaires peuvent \u00eatre ajout\u00e9s \u00e0 ces deux niveaux. Elles ont \u00e9galement un nom pour la visualisation et un ordre de tri.<\/p>\n<div id=\"attachment_8747\" style=\"width: 917px\" class=\"wp-caption aligncenter\"><img loading=\"lazy\" decoding=\"async\" aria-describedby=\"caption-attachment-8747\" class=\"size-full wp-image-8747\" src=\"https:\/\/alfamedia.com\/wp-content\/uploads\/2023\/12\/eo202312-planungkonfig.png\" alt=\"\" width=\"907\" height=\"113\" srcset=\"https:\/\/alfamedia.com\/wp-content\/uploads\/2023\/12\/eo202312-planungkonfig.png 907w, https:\/\/alfamedia.com\/wp-content\/uploads\/2023\/12\/eo202312-planungkonfig-300x37.png 300w, https:\/\/alfamedia.com\/wp-content\/uploads\/2023\/12\/eo202312-planungkonfig-660x82.png 660w\" sizes=\"auto, (max-width: 907px) 100vw, 907px\" \/><p id=\"caption-attachment-8747\" class=\"wp-caption-text\">Configuration dans le conseil de planification<\/p><\/div>\n<div class=\"level2\">\n<h3><\/h3>\n<div id=\"attachment_8750\" style=\"width: 870px\" class=\"wp-caption aligncenter\"><img loading=\"lazy\" decoding=\"async\" aria-describedby=\"caption-attachment-8750\" class=\"size-full wp-image-8750\" src=\"https:\/\/alfamedia.com\/wp-content\/uploads\/2023\/12\/eo202312-planungkonfig2.png\" alt=\"\" width=\"860\" height=\"481\" srcset=\"https:\/\/alfamedia.com\/wp-content\/uploads\/2023\/12\/eo202312-planungkonfig2.png 860w, https:\/\/alfamedia.com\/wp-content\/uploads\/2023\/12\/eo202312-planungkonfig2-300x168.png 300w, https:\/\/alfamedia.com\/wp-content\/uploads\/2023\/12\/eo202312-planungkonfig2-660x369.png 660w\" sizes=\"auto, (max-width: 860px) 100vw, 860px\" \/><p id=\"caption-attachment-8750\" class=\"wp-caption-text\">Affichage sur le tableau<\/p><\/div>\n<h4>Calendrier pour passer \u00e0 un jour sp\u00e9cifique<\/h4>\n<p>Pour acc\u00e9der facilement aux tableaux de planification, un bouton permet d\u00e9sormais d&rsquo;ouvrir un calendrier. Dans ce calendrier, l&rsquo;ann\u00e9e enti\u00e8re est toujours affich\u00e9e et les week-ends, les jours f\u00e9ri\u00e9s et le jour en cours sont surlign\u00e9s en couleur.<\/p>\n<p>Lorsque l&rsquo;on clique sur un jour, la vue actuelle navigue vers l&rsquo;intervalle de temps correspondant (jour, semaine, lundi, &#8230;) et fait \u00e9galement d\u00e9filer le jour s\u00e9lectionn\u00e9 dans la zone visible.<\/p>\n<h3><img loading=\"lazy\" decoding=\"async\" class=\"size-full wp-image-8753 aligncenter\" src=\"https:\/\/alfamedia.com\/wp-content\/uploads\/2023\/12\/eo202312-kalender.png\" alt=\"\" width=\"907\" height=\"836\" srcset=\"https:\/\/alfamedia.com\/wp-content\/uploads\/2023\/12\/eo202312-kalender.png 907w, https:\/\/alfamedia.com\/wp-content\/uploads\/2023\/12\/eo202312-kalender-300x277.png 300w, https:\/\/alfamedia.com\/wp-content\/uploads\/2023\/12\/eo202312-kalender-660x608.png 660w\" sizes=\"auto, (max-width: 907px) 100vw, 907px\" \/><\/h3>\n<h4>L&rsquo;exportation vers NSE n&rsquo;ouvre plus l&rsquo;article<\/h4>\n<p>Lors de l&rsquo;exportation vers News Suite, l&rsquo;article ne s&rsquo;ouvre plus dans News Suite.<\/p>\n<\/div>\n<div class=\"level2\"><a href=\"#top\">Retour au d\u00e9but<\/a><\/div>\n<p>&nbsp;<\/p>\n<h3><strong><a id=\"DAM - Digital Asset Manager\"><\/a>DAM &#8211; Digital Asset Manager<\/strong><\/h3>\n<div class=\"level2\">\n<div class=\"level2\">\n<h4>Supprimer ses propres profils de recherche et classeurs<\/h4>\n<p>Auparavant, la suppression des classeurs et des profils de recherche cr\u00e9\u00e9s par l&rsquo;utilisateur \u00e9tait li\u00e9e au droit REDWEB_AAM_MARKFORDELETION. Cela a \u00e9t\u00e9 modifi\u00e9 de sorte que les utilisateurs peuvent d\u00e9sormais toujours modifier et supprimer leurs propres profils et classeurs de recherche.<\/p>\n<h4>Augmentation de la limite \u00e0 15 profils de recherche globale<\/h4>\n<p>La liste des profils de recherche globale affich\u00e9e dans le menu principal a \u00e9t\u00e9 \u00e9tendue \u00e0 15 entr\u00e9es. S&rsquo;il y a plus de 15 profils de recherche globale, un lien vers la liste compl\u00e8te est affich\u00e9.<\/p>\n<h4>Proc\u00e9dure de s\u00e9lection de profils de recherche suppl\u00e9mentaires<\/h4>\n<p>Dans la bo\u00eete de dialogue \u00ab\u00a0Profils de recherche\u00a0\u00bb, un clic sur le nom du profil de recherche permet d&rsquo;ex\u00e9cuter ce profil. Auparavant, vous acc\u00e9diez au mode \u00e9dition. Pour pouvoir \u00e9diter le profil de recherche, vous devez maintenant cliquer sur \u00ab\u00a0Editer\u00a0\u00bb dans la barre de boutons.<\/p>\n<h4>Inclure le tri pour les profils de recherche<\/h4>\n<p>Dans la vue \u00ab\u00a0Profils de recherche\u00a0\u00bb, il n&rsquo;\u00e9tait pas possible de trier le r\u00e9sultat de la recherche. Il est d\u00e9sormais possible de trier le r\u00e9sultat de la recherche par nom du profil de recherche et par date de \u00ab\u00a0derni\u00e8re modification\u00a0\u00bb.<\/p>\n<\/div>\n<p><img loading=\"lazy\" decoding=\"async\" class=\"size-full wp-image-8718 aligncenter\" src=\"https:\/\/alfamedia.com\/wp-content\/uploads\/2023\/12\/dam202312-sortierung.png\" alt=\"\" width=\"907\" height=\"378\" srcset=\"https:\/\/alfamedia.com\/wp-content\/uploads\/2023\/12\/dam202312-sortierung.png 907w, https:\/\/alfamedia.com\/wp-content\/uploads\/2023\/12\/dam202312-sortierung-300x125.png 300w, https:\/\/alfamedia.com\/wp-content\/uploads\/2023\/12\/dam202312-sortierung-660x275.png 660w\" sizes=\"auto, (max-width: 907px) 100vw, 907px\" \/><\/p>\n<h4>Retour de l&rsquo;aper\u00e7u en haut \u00e0 gauche lors de l&rsquo;\u00e9dition d&rsquo;un \u00e9l\u00e9ment<\/h4>\n<p>Dans la vue d\u00e9taill\u00e9e, un aper\u00e7u de l&rsquo;\u00e9l\u00e9ment est affich\u00e9 en \u00ab\u00a0mode affichage\u00a0\u00bb. Lors de l&rsquo;\u00e9dition, cet aper\u00e7u \u00e9tait masqu\u00e9, ce qui rendait parfois difficile l&rsquo;\u00e9dition, par exemple en fonction du sujet d&rsquo;une photo. L&rsquo;aper\u00e7u est d\u00e9sormais r\u00e9affich\u00e9 en haut \u00e0 gauche, au-dessus de la barre lat\u00e9rale contenant les occurrences. Cet aper\u00e7u est conserv\u00e9 m\u00eame si vous faites d\u00e9filer les champs de saisie sur la droite.<\/p>\n<p><img loading=\"lazy\" decoding=\"async\" class=\"size-full wp-image-8721 aligncenter\" src=\"https:\/\/alfamedia.com\/wp-content\/uploads\/2023\/12\/dam202312-katzeaufrotemgrund.png\" alt=\"\" width=\"907\" height=\"465\" srcset=\"https:\/\/alfamedia.com\/wp-content\/uploads\/2023\/12\/dam202312-katzeaufrotemgrund.png 907w, https:\/\/alfamedia.com\/wp-content\/uploads\/2023\/12\/dam202312-katzeaufrotemgrund-300x154.png 300w, https:\/\/alfamedia.com\/wp-content\/uploads\/2023\/12\/dam202312-katzeaufrotemgrund-660x338.png 660w\" sizes=\"auto, (max-width: 907px) 100vw, 907px\" \/><\/p>\n<\/div>\n<p><a href=\"#top\">Retour au d\u00e9but<\/a><\/p>\n<p>&nbsp;<\/p>\n<h3><strong><a id=\"FeeCon\"><\/a>FeeCon<\/strong><\/h3>\n<div class=\"level2\">\n<div class=\"level2\">\n<ul>\n<li>Am\u00e9lioration des entr\u00e9es du journal FeeCon<\/li>\n<li>Destinataire d&rsquo;honoraires : Exportation du statut \u00ab\u00a0Liste d&rsquo;honoraires\u00a0\u00bb dans l&rsquo;enregistrement des totaux de facturation<\/li>\n<li>Donn\u00e9es de base des b\u00e9n\u00e9ficiaires d&rsquo;honoraires &#8211; extension du filtre pour inclure le champ Client<\/li>\n<li>Facturation &#8211; contr\u00f4le de plausibilit\u00e9 de la s\u00e9lection du mois de facturation<\/li>\n<li>Num\u00e9ro d&#8217;employ\u00e9 du destinataire des honoraires &#8211; incr\u00e9mentation automatique du num\u00e9ro d&#8217;employ\u00e9<\/li>\n<li>Flexibilisation de l&rsquo;importation d&rsquo;enregistrements de services<\/li>\n<li>Introduction d&rsquo;un nom de module sp\u00e9cifique au client<\/li>\n<li>D\u00e9finition des colonnes visibles dans le dialogue sur les honoraires pour les groupes d&rsquo;utilisateurs<\/li>\n<li>Calcul manuel des honoraires &#8211; am\u00e9lioration de la bo\u00eete de dialogue de saisie<\/li>\n<li>Calcul des sous-totaux du budget<\/li>\n<\/ul>\n<p>&nbsp;<\/p>\n<p>D&rsquo;autres informations suivront prochainement.<\/p>\n<\/div>\n<\/div>\n<p><a href=\"#top\">Retour au d\u00e9but<\/a><\/p>\n<div class=\"level2\">\n<div class=\"level2\"><\/div>\n<\/div>\n","protected":false},"excerpt":{"rendered":"<p>Dans cet aper\u00e7u, nous aimerions vous pr\u00e9senter les innovations et les am\u00e9liorations que nous avons mises en \u0153uvre dans nos produits pour vous au quatri\u00e8me trimestre 2023. &nbsp; BusinessLine AdSuite Stylo ProductionLine ProductAdmin PageServer ProductPlanner WebTracker NewsSuite-Atlas-Schnittstelle ProductionInterface ContentLine PrintLayout EditorialOrganiser DAM &#8211; Digital Asset Manager FeeCon &nbsp; BusinessLine AdSuite Module de recherche bas\u00e9 sur [&hellip;]<\/p>\n","protected":false},"author":3,"featured_media":2259,"comment_status":"closed","ping_status":"closed","sticky":false,"template":"","format":"standard","meta":{"_acf_changed":false,"inline_featured_image":false,"footnotes":""},"categories":[703,1253,1254],"tags":[],"class_list":["post-8764","post","type-post","status-publish","format-standard","has-post-thumbnail","hentry","category-news","category-startseite-gross-fr","category-startseite-klein-fr"],"acf":[],"yoast_head":"<title>Nouvelles versions : 2023.10, 2023.11 et 2023.12 ! &#8226; alfa Media Partner GmbH &#8226; Software-L\u00f6sungen f\u00fcr Medienh\u00e4user und Verlage<\/title>\n<meta name=\"robots\" content=\"index, follow, max-snippet:-1, max-image-preview:large, max-video-preview:-1\" \/>\n<link rel=\"canonical\" href=\"https:\/\/alfamedia.com\/fr\/nouvelles-versions-2023-10-2023-11-et-2023-12\/\" \/>\n<meta property=\"og:locale\" content=\"fr_FR\" \/>\n<meta property=\"og:type\" content=\"article\" \/>\n<meta property=\"og:title\" content=\"Nouvelles versions : 2023.10, 2023.11 et 2023.12 ! &#8226; alfa Media Partner GmbH &#8226; Software-L\u00f6sungen f\u00fcr Medienh\u00e4user und Verlage\" \/>\n<meta property=\"og:description\" content=\"Dans cet aper\u00e7u, nous aimerions vous pr\u00e9senter les innovations et les am\u00e9liorations que nous avons mises en \u0153uvre dans nos produits pour vous au quatri\u00e8me trimestre 2023. &nbsp; BusinessLine AdSuite Stylo ProductionLine ProductAdmin PageServer ProductPlanner WebTracker NewsSuite-Atlas-Schnittstelle ProductionInterface ContentLine PrintLayout EditorialOrganiser DAM &#8211; Digital Asset Manager FeeCon &nbsp; BusinessLine AdSuite Module de recherche bas\u00e9 sur [&hellip;]\" \/>\n<meta property=\"og:url\" content=\"https:\/\/alfamedia.com\/fr\/nouvelles-versions-2023-10-2023-11-et-2023-12\/\" \/>\n<meta property=\"og:site_name\" content=\"alfa Media Partner GmbH\" \/>\n<meta property=\"article:published_time\" content=\"2023-12-12T14:11:18+00:00\" \/>\n<meta property=\"og:image\" content=\"https:\/\/alfamedia.com\/wp-content\/uploads\/2019\/10\/Updates.png\" \/>\n\t<meta property=\"og:image:width\" content=\"1000\" \/>\n\t<meta property=\"og:image:height\" content=\"740\" \/>\n\t<meta property=\"og:image:type\" content=\"image\/png\" \/>\n<meta name=\"author\" content=\"Nadine Kaiser\" \/>\n<meta name=\"twitter:card\" content=\"summary_large_image\" \/>\n<meta name=\"twitter:label1\" content=\"\u00c9crit par\" \/>\n\t<meta name=\"twitter:data1\" content=\"Nadine Kaiser\" \/>\n\t<meta name=\"twitter:label2\" content=\"Dur\u00e9e de lecture estim\u00e9e\" \/>\n\t<meta name=\"twitter:data2\" content=\"33 minutes\" \/>","yoast_head_json":{"title":"Nouvelles versions : 2023.10, 2023.11 et 2023.12 ! &#8226; alfa Media Partner GmbH &#8226; Software-L\u00f6sungen f\u00fcr Medienh\u00e4user und Verlage","robots":{"index":"index","follow":"follow","max-snippet":"max-snippet:-1","max-image-preview":"max-image-preview:large","max-video-preview":"max-video-preview:-1"},"canonical":"https:\/\/alfamedia.com\/fr\/nouvelles-versions-2023-10-2023-11-et-2023-12\/","og_locale":"fr_FR","og_type":"article","og_title":"Nouvelles versions : 2023.10, 2023.11 et 2023.12 ! &#8226; alfa Media Partner GmbH &#8226; Software-L\u00f6sungen f\u00fcr Medienh\u00e4user und Verlage","og_description":"Dans cet aper\u00e7u, nous aimerions vous pr\u00e9senter les innovations et les am\u00e9liorations que nous avons mises en \u0153uvre dans nos produits pour vous au quatri\u00e8me trimestre 2023. &nbsp; BusinessLine AdSuite Stylo ProductionLine ProductAdmin PageServer ProductPlanner WebTracker NewsSuite-Atlas-Schnittstelle ProductionInterface ContentLine PrintLayout EditorialOrganiser DAM &#8211; Digital Asset Manager FeeCon &nbsp; BusinessLine AdSuite Module de recherche bas\u00e9 sur [&hellip;]","og_url":"https:\/\/alfamedia.com\/fr\/nouvelles-versions-2023-10-2023-11-et-2023-12\/","og_site_name":"alfa Media Partner GmbH","article_published_time":"2023-12-12T14:11:18+00:00","og_image":[{"width":1000,"height":740,"url":"https:\/\/alfamedia.com\/wp-content\/uploads\/2019\/10\/Updates.png","type":"image\/png"}],"author":"Nadine Kaiser","twitter_card":"summary_large_image","twitter_misc":{"\u00c9crit par":"Nadine Kaiser","Dur\u00e9e de lecture estim\u00e9e":"33 minutes"},"schema":{"@context":"https:\/\/schema.org","@graph":[{"@type":"Article","@id":"https:\/\/alfamedia.com\/fr\/nouvelles-versions-2023-10-2023-11-et-2023-12\/#article","isPartOf":{"@id":"https:\/\/alfamedia.com\/fr\/nouvelles-versions-2023-10-2023-11-et-2023-12\/"},"author":{"name":"Nadine Kaiser","@id":"https:\/\/alfamedia.com\/fr\/#\/schema\/person\/da5e32164b58f8a9c54d8f61c8b24c50"},"headline":"Nouvelles versions : 2023.10, 2023.11 et 2023.12 !","datePublished":"2023-12-12T14:11:18+00:00","mainEntityOfPage":{"@id":"https:\/\/alfamedia.com\/fr\/nouvelles-versions-2023-10-2023-11-et-2023-12\/"},"wordCount":5574,"image":{"@id":"https:\/\/alfamedia.com\/fr\/nouvelles-versions-2023-10-2023-11-et-2023-12\/#primaryimage"},"thumbnailUrl":"https:\/\/alfamedia.com\/wp-content\/uploads\/2019\/10\/Updates.png","articleSection":["Actualit\u00e9s","Startseite gro\u00df","Startseite klein"],"inLanguage":"fr-FR"},{"@type":"WebPage","@id":"https:\/\/alfamedia.com\/fr\/nouvelles-versions-2023-10-2023-11-et-2023-12\/","url":"https:\/\/alfamedia.com\/fr\/nouvelles-versions-2023-10-2023-11-et-2023-12\/","name":"Nouvelles versions : 2023.10, 2023.11 et 2023.12 ! &#8226; alfa Media Partner GmbH &#8226; Software-L\u00f6sungen f\u00fcr Medienh\u00e4user und Verlage","isPartOf":{"@id":"https:\/\/alfamedia.com\/fr\/#website"},"primaryImageOfPage":{"@id":"https:\/\/alfamedia.com\/fr\/nouvelles-versions-2023-10-2023-11-et-2023-12\/#primaryimage"},"image":{"@id":"https:\/\/alfamedia.com\/fr\/nouvelles-versions-2023-10-2023-11-et-2023-12\/#primaryimage"},"thumbnailUrl":"https:\/\/alfamedia.com\/wp-content\/uploads\/2019\/10\/Updates.png","datePublished":"2023-12-12T14:11:18+00:00","author":{"@id":"https:\/\/alfamedia.com\/fr\/#\/schema\/person\/da5e32164b58f8a9c54d8f61c8b24c50"},"breadcrumb":{"@id":"https:\/\/alfamedia.com\/fr\/nouvelles-versions-2023-10-2023-11-et-2023-12\/#breadcrumb"},"inLanguage":"fr-FR","potentialAction":[{"@type":"ReadAction","target":["https:\/\/alfamedia.com\/fr\/nouvelles-versions-2023-10-2023-11-et-2023-12\/"]}]},{"@type":"ImageObject","inLanguage":"fr-FR","@id":"https:\/\/alfamedia.com\/fr\/nouvelles-versions-2023-10-2023-11-et-2023-12\/#primaryimage","url":"https:\/\/alfamedia.com\/wp-content\/uploads\/2019\/10\/Updates.png","contentUrl":"https:\/\/alfamedia.com\/wp-content\/uploads\/2019\/10\/Updates.png","width":1000,"height":740},{"@type":"BreadcrumbList","@id":"https:\/\/alfamedia.com\/fr\/nouvelles-versions-2023-10-2023-11-et-2023-12\/#breadcrumb","itemListElement":[{"@type":"ListItem","position":1,"name":"Start","item":"https:\/\/alfamedia.com\/fr\/"},{"@type":"ListItem","position":2,"name":"Nouvelles versions : 2023.10, 2023.11 et 2023.12 !"}]},{"@type":"WebSite","@id":"https:\/\/alfamedia.com\/fr\/#website","url":"https:\/\/alfamedia.com\/fr\/","name":"alfa Media Partner GmbH","description":"Software-L\u00f6sungen f\u00fcr Medienh\u00e4user und Verlage","potentialAction":[{"@type":"SearchAction","target":{"@type":"EntryPoint","urlTemplate":"https:\/\/alfamedia.com\/fr\/?s={search_term_string}"},"query-input":{"@type":"PropertyValueSpecification","valueRequired":true,"valueName":"search_term_string"}}],"inLanguage":"fr-FR"},{"@type":"Person","@id":"https:\/\/alfamedia.com\/fr\/#\/schema\/person\/da5e32164b58f8a9c54d8f61c8b24c50","name":"Nadine Kaiser","image":{"@type":"ImageObject","inLanguage":"fr-FR","@id":"https:\/\/secure.gravatar.com\/avatar\/8a2346cbd87420ab8c9c3aee2f4a3001e91c88bebb729b388f640ebf45e259e5?s=96&d=mm&r=g","url":"https:\/\/secure.gravatar.com\/avatar\/8a2346cbd87420ab8c9c3aee2f4a3001e91c88bebb729b388f640ebf45e259e5?s=96&d=mm&r=g","contentUrl":"https:\/\/secure.gravatar.com\/avatar\/8a2346cbd87420ab8c9c3aee2f4a3001e91c88bebb729b388f640ebf45e259e5?s=96&d=mm&r=g","caption":"Nadine Kaiser"}}]}},"_links":{"self":[{"href":"https:\/\/alfamedia.com\/fr\/wp-json\/wp\/v2\/posts\/8764","targetHints":{"allow":["GET"]}}],"collection":[{"href":"https:\/\/alfamedia.com\/fr\/wp-json\/wp\/v2\/posts"}],"about":[{"href":"https:\/\/alfamedia.com\/fr\/wp-json\/wp\/v2\/types\/post"}],"author":[{"embeddable":true,"href":"https:\/\/alfamedia.com\/fr\/wp-json\/wp\/v2\/users\/3"}],"replies":[{"embeddable":true,"href":"https:\/\/alfamedia.com\/fr\/wp-json\/wp\/v2\/comments?post=8764"}],"version-history":[{"count":0,"href":"https:\/\/alfamedia.com\/fr\/wp-json\/wp\/v2\/posts\/8764\/revisions"}],"wp:featuredmedia":[{"embeddable":true,"href":"https:\/\/alfamedia.com\/fr\/wp-json\/wp\/v2\/media\/2259"}],"wp:attachment":[{"href":"https:\/\/alfamedia.com\/fr\/wp-json\/wp\/v2\/media?parent=8764"}],"wp:term":[{"taxonomy":"category","embeddable":true,"href":"https:\/\/alfamedia.com\/fr\/wp-json\/wp\/v2\/categories?post=8764"},{"taxonomy":"post_tag","embeddable":true,"href":"https:\/\/alfamedia.com\/fr\/wp-json\/wp\/v2\/tags?post=8764"}],"curies":[{"name":"wp","href":"https:\/\/api.w.org\/{rel}","templated":true}]}}