{"id":6598,"date":"2023-01-09T13:07:36","date_gmt":"2023-01-09T12:07:36","guid":{"rendered":"https:\/\/alfamedia.com\/?p=6598"},"modified":"2023-01-09T13:07:36","modified_gmt":"2023-01-09T12:07:36","slug":"interview-de-patrick-ziade-sur-la-presse-au-futur","status":"publish","type":"post","link":"https:\/\/alfamedia.com\/fr\/interview-de-patrick-ziade-sur-la-presse-au-futur\/","title":{"rendered":"Interview de Patrick Ziade sur La Presse au Futur"},"content":{"rendered":"<p>Les 6 et 7 d\u00e9cembre 2022, nous \u00e9tions pr\u00e9sents chez alfa Media \u00e0 la 16e \u00e9dition de La Presse au Futur \u00e0 Paris, l&rsquo;un des \u00e9v\u00e9nements les plus importants pour la presse en France.<\/p>\n<p>Afin de suivre les derni\u00e8res \u00e9volutions et tendances, cet \u00e9v\u00e9nement a \u00e9t\u00e9 cr\u00e9\u00e9 sp\u00e9cifiquement pour les agences et les \u00e9quipes de publicit\u00e9, ainsi que pour les \u00e9quipes commerciales des m\u00e9dias imprim\u00e9s, web, en ligne et num\u00e9riques.<\/p>\n<p>Notre consultant Patrick Ziade \u00e9tait non seulement en charge de notre stand, mais a \u00e9galement tenu un atelier et particip\u00e9 \u00e0 une interview que vous pouvez regarder ici:<\/p>\n<div class=\"brlbs-cmpnt-container brlbs-cmpnt-content-blocker brlbs-cmpnt-with-individual-styles\" data-borlabs-cookie-content-blocker-id=\"youtube-content-blocker\" data-borlabs-cookie-content=\"PGlmcmFtZSB0aXRsZT0iUGF0cmljayBaaWFkZSAtIEFMRkEgTUVESUEgLSBQQUYyMiIgd2lkdGg9IjUwMCIgaGVpZ2h0PSIyODEiIHNyYz0iaHR0cHM6Ly93d3cueW91dHViZS1ub2Nvb2tpZS5jb20vZW1iZWQvNTE4Z1NRbWI3OW8\/ZmVhdHVyZT1vZW1iZWQiIGZyYW1lYm9yZGVyPSIwIiBhbGxvdz0iYWNjZWxlcm9tZXRlcjsgYXV0b3BsYXk7IGNsaXBib2FyZC13cml0ZTsgZW5jcnlwdGVkLW1lZGlhOyBneXJvc2NvcGU7IHBpY3R1cmUtaW4tcGljdHVyZTsgd2ViLXNoYXJlIiByZWZlcnJlcnBvbGljeT0ic3RyaWN0LW9yaWdpbi13aGVuLWNyb3NzLW9yaWdpbiIgYWxsb3dmdWxsc2NyZWVuPjwvaWZyYW1lPg==\">\n<div class=\"brlbs-cmpnt-cb-preset-c brlbs-cmpnt-cb-youtube\">\n<div class=\"brlbs-cmpnt-cb-thumbnail\" style=\"background-image: url('https:\/\/alfamedia.com\/wp-content\/uploads\/borlabs-cookie\/1\/yt_518gSQmb79o_hqdefault.jpg')\"><\/div>\n<div class=\"brlbs-cmpnt-cb-main\">\n<div class=\"brlbs-cmpnt-cb-play-button\"><\/div>\n<div class=\"brlbs-cmpnt-cb-content\">\n<p class=\"brlbs-cmpnt-cb-description\">Vous \u00eates actuellement en train de consulter le contenu d&rsquo;un espace r\u00e9serv\u00e9 de <strong>YouTube<\/strong>. Pour acc\u00e9der au contenu r\u00e9el, cliquez sur le bouton ci-dessous. Veuillez noter que ce faisant, des donn\u00e9es seront partag\u00e9es avec des providers tiers.<\/p>\n<p> <a class=\"brlbs-cmpnt-cb-provider-toggle\" href=\"#\" data-borlabs-cookie-show-provider-information role=\"button\">Plus d&rsquo;informations<\/a> <\/div>\n<div class=\"brlbs-cmpnt-cb-buttons\"> <a class=\"brlbs-cmpnt-cb-btn\" href=\"#\" data-borlabs-cookie-unblock role=\"button\">D\u00e9bloquer le contenu<\/a> <a class=\"brlbs-cmpnt-cb-btn\" href=\"#\" data-borlabs-cookie-accept-service role=\"button\" style=\"display: inherit\">Accepter le service requis et d\u00e9bloquer les contenus<\/a> <\/div>\n<\/p><\/div>\n<\/p><\/div>\n<\/div>\n","protected":false},"excerpt":{"rendered":"<p>Les 6 et 7 d\u00e9cembre 2022, nous \u00e9tions pr\u00e9sents chez alfa Media \u00e0 la 16e \u00e9dition de La Presse au Futur \u00e0 Paris, l&rsquo;un des \u00e9v\u00e9nements les plus importants pour la presse en France. Afin de suivre les derni\u00e8res \u00e9volutions et tendances, cet \u00e9v\u00e9nement a \u00e9t\u00e9 cr\u00e9\u00e9 sp\u00e9cifiquement pour les agences et les \u00e9quipes de [&hellip;]<\/p>\n","protected":false},"author":3,"featured_media":6488,"comment_status":"closed","ping_status":"closed","sticky":false,"template":"","format":"standard","meta":{"_acf_changed":false,"inline_featured_image":false,"footnotes":""},"categories":[703,1253,1254],"tags":[],"class_list":["post-6598","post","type-post","status-publish","format-standard","has-post-thumbnail","hentry","category-news","category-startseite-gross-fr","category-startseite-klein-fr"],"acf":[],"yoast_head":"<title>Interview de Patrick Ziade sur La Presse au Futur &#8226; alfa Media Partner GmbH &#8226; Software-L\u00f6sungen f\u00fcr Medienh\u00e4user und Verlage<\/title>\n<meta name=\"robots\" content=\"index, follow, max-snippet:-1, max-image-preview:large, max-video-preview:-1\" \/>\n<link rel=\"canonical\" href=\"https:\/\/alfamedia.com\/fr\/interview-de-patrick-ziade-sur-la-presse-au-futur\/\" \/>\n<meta property=\"og:locale\" content=\"fr_FR\" \/>\n<meta property=\"og:type\" content=\"article\" \/>\n<meta property=\"og:title\" content=\"Interview de Patrick Ziade sur La Presse au Futur &#8226; alfa Media Partner GmbH &#8226; Software-L\u00f6sungen f\u00fcr Medienh\u00e4user und Verlage\" \/>\n<meta property=\"og:description\" content=\"Les 6 et 7 d\u00e9cembre 2022, nous \u00e9tions pr\u00e9sents chez alfa Media \u00e0 la 16e \u00e9dition de La Presse au Futur \u00e0 Paris, l&rsquo;un des \u00e9v\u00e9nements les plus importants pour la presse en France. Afin de suivre les derni\u00e8res \u00e9volutions et tendances, cet \u00e9v\u00e9nement a \u00e9t\u00e9 cr\u00e9\u00e9 sp\u00e9cifiquement pour les agences et les \u00e9quipes de [&hellip;]\" \/>\n<meta property=\"og:url\" content=\"https:\/\/alfamedia.com\/fr\/interview-de-patrick-ziade-sur-la-presse-au-futur\/\" \/>\n<meta property=\"og:site_name\" content=\"alfa Media Partner GmbH\" \/>\n<meta property=\"article:published_time\" content=\"2023-01-09T12:07:36+00:00\" \/>\n<meta property=\"og:image\" content=\"https:\/\/alfamedia.com\/wp-content\/uploads\/2022\/11\/Bildschirm\u00adfoto-2022-11-23-um-14.24.24.png\" \/>\n\t<meta property=\"og:image:width\" content=\"1258\" \/>\n\t<meta property=\"og:image:height\" content=\"940\" \/>\n\t<meta property=\"og:image:type\" content=\"image\/png\" \/>\n<meta name=\"author\" content=\"Nadine Kaiser\" \/>\n<meta name=\"twitter:card\" content=\"summary_large_image\" \/>\n<meta name=\"twitter:label1\" content=\"\u00c9crit par\" \/>\n\t<meta name=\"twitter:data1\" content=\"Nadine Kaiser\" \/>\n\t<meta name=\"twitter:label2\" content=\"Dur\u00e9e de lecture estim\u00e9e\" \/>\n\t<meta name=\"twitter:data2\" content=\"1 minute\" \/>","yoast_head_json":{"title":"Interview de Patrick Ziade sur La Presse au Futur &#8226; alfa Media Partner GmbH &#8226; Software-L\u00f6sungen f\u00fcr Medienh\u00e4user und Verlage","robots":{"index":"index","follow":"follow","max-snippet":"max-snippet:-1","max-image-preview":"max-image-preview:large","max-video-preview":"max-video-preview:-1"},"canonical":"https:\/\/alfamedia.com\/fr\/interview-de-patrick-ziade-sur-la-presse-au-futur\/","og_locale":"fr_FR","og_type":"article","og_title":"Interview de Patrick Ziade sur La Presse au Futur &#8226; alfa Media Partner GmbH &#8226; Software-L\u00f6sungen f\u00fcr Medienh\u00e4user und Verlage","og_description":"Les 6 et 7 d\u00e9cembre 2022, nous \u00e9tions pr\u00e9sents chez alfa Media \u00e0 la 16e \u00e9dition de La Presse au Futur \u00e0 Paris, l&rsquo;un des \u00e9v\u00e9nements les plus importants pour la presse en France. Afin de suivre les derni\u00e8res \u00e9volutions et tendances, cet \u00e9v\u00e9nement a \u00e9t\u00e9 cr\u00e9\u00e9 sp\u00e9cifiquement pour les agences et les \u00e9quipes de [&hellip;]","og_url":"https:\/\/alfamedia.com\/fr\/interview-de-patrick-ziade-sur-la-presse-au-futur\/","og_site_name":"alfa Media Partner GmbH","article_published_time":"2023-01-09T12:07:36+00:00","og_image":[{"width":1258,"height":940,"url":"https:\/\/alfamedia.com\/wp-content\/uploads\/2022\/11\/Bildschirm\u00adfoto-2022-11-23-um-14.24.24.png","type":"image\/png"}],"author":"Nadine Kaiser","twitter_card":"summary_large_image","twitter_misc":{"\u00c9crit par":"Nadine Kaiser","Dur\u00e9e de lecture estim\u00e9e":"1 minute"},"schema":{"@context":"https:\/\/schema.org","@graph":[{"@type":"Article","@id":"https:\/\/alfamedia.com\/fr\/interview-de-patrick-ziade-sur-la-presse-au-futur\/#article","isPartOf":{"@id":"https:\/\/alfamedia.com\/fr\/interview-de-patrick-ziade-sur-la-presse-au-futur\/"},"author":{"name":"Nadine Kaiser","@id":"https:\/\/alfamedia.com\/fr\/#\/schema\/person\/da5e32164b58f8a9c54d8f61c8b24c50"},"headline":"Interview de Patrick Ziade sur La Presse au Futur","datePublished":"2023-01-09T12:07:36+00:00","mainEntityOfPage":{"@id":"https:\/\/alfamedia.com\/fr\/interview-de-patrick-ziade-sur-la-presse-au-futur\/"},"wordCount":123,"image":{"@id":"https:\/\/alfamedia.com\/fr\/interview-de-patrick-ziade-sur-la-presse-au-futur\/#primaryimage"},"thumbnailUrl":"https:\/\/alfamedia.com\/wp-content\/uploads\/2022\/11\/Bildschirm\u00adfoto-2022-11-23-um-14.24.24.png","articleSection":["Actualit\u00e9s","Startseite gro\u00df","Startseite klein"],"inLanguage":"fr-FR"},{"@type":"WebPage","@id":"https:\/\/alfamedia.com\/fr\/interview-de-patrick-ziade-sur-la-presse-au-futur\/","url":"https:\/\/alfamedia.com\/fr\/interview-de-patrick-ziade-sur-la-presse-au-futur\/","name":"Interview de Patrick Ziade sur La Presse au Futur &#8226; alfa Media Partner GmbH &#8226; Software-L\u00f6sungen f\u00fcr Medienh\u00e4user und Verlage","isPartOf":{"@id":"https:\/\/alfamedia.com\/fr\/#website"},"primaryImageOfPage":{"@id":"https:\/\/alfamedia.com\/fr\/interview-de-patrick-ziade-sur-la-presse-au-futur\/#primaryimage"},"image":{"@id":"https:\/\/alfamedia.com\/fr\/interview-de-patrick-ziade-sur-la-presse-au-futur\/#primaryimage"},"thumbnailUrl":"https:\/\/alfamedia.com\/wp-content\/uploads\/2022\/11\/Bildschirm\u00adfoto-2022-11-23-um-14.24.24.png","datePublished":"2023-01-09T12:07:36+00:00","author":{"@id":"https:\/\/alfamedia.com\/fr\/#\/schema\/person\/da5e32164b58f8a9c54d8f61c8b24c50"},"breadcrumb":{"@id":"https:\/\/alfamedia.com\/fr\/interview-de-patrick-ziade-sur-la-presse-au-futur\/#breadcrumb"},"inLanguage":"fr-FR","potentialAction":[{"@type":"ReadAction","target":["https:\/\/alfamedia.com\/fr\/interview-de-patrick-ziade-sur-la-presse-au-futur\/"]}]},{"@type":"ImageObject","inLanguage":"fr-FR","@id":"https:\/\/alfamedia.com\/fr\/interview-de-patrick-ziade-sur-la-presse-au-futur\/#primaryimage","url":"https:\/\/alfamedia.com\/wp-content\/uploads\/2022\/11\/Bildschirm\u00adfoto-2022-11-23-um-14.24.24.png","contentUrl":"https:\/\/alfamedia.com\/wp-content\/uploads\/2022\/11\/Bildschirm\u00adfoto-2022-11-23-um-14.24.24.png","width":1258,"height":940},{"@type":"BreadcrumbList","@id":"https:\/\/alfamedia.com\/fr\/interview-de-patrick-ziade-sur-la-presse-au-futur\/#breadcrumb","itemListElement":[{"@type":"ListItem","position":1,"name":"Start","item":"https:\/\/alfamedia.com\/fr\/"},{"@type":"ListItem","position":2,"name":"Interview de Patrick Ziade sur La Presse au Futur"}]},{"@type":"WebSite","@id":"https:\/\/alfamedia.com\/fr\/#website","url":"https:\/\/alfamedia.com\/fr\/","name":"alfa Media Partner GmbH","description":"Software-L\u00f6sungen f\u00fcr Medienh\u00e4user und Verlage","potentialAction":[{"@type":"SearchAction","target":{"@type":"EntryPoint","urlTemplate":"https:\/\/alfamedia.com\/fr\/?s={search_term_string}"},"query-input":{"@type":"PropertyValueSpecification","valueRequired":true,"valueName":"search_term_string"}}],"inLanguage":"fr-FR"},{"@type":"Person","@id":"https:\/\/alfamedia.com\/fr\/#\/schema\/person\/da5e32164b58f8a9c54d8f61c8b24c50","name":"Nadine Kaiser","image":{"@type":"ImageObject","inLanguage":"fr-FR","@id":"https:\/\/secure.gravatar.com\/avatar\/8a2346cbd87420ab8c9c3aee2f4a3001e91c88bebb729b388f640ebf45e259e5?s=96&d=mm&r=g","url":"https:\/\/secure.gravatar.com\/avatar\/8a2346cbd87420ab8c9c3aee2f4a3001e91c88bebb729b388f640ebf45e259e5?s=96&d=mm&r=g","contentUrl":"https:\/\/secure.gravatar.com\/avatar\/8a2346cbd87420ab8c9c3aee2f4a3001e91c88bebb729b388f640ebf45e259e5?s=96&d=mm&r=g","caption":"Nadine Kaiser"}}]}},"_links":{"self":[{"href":"https:\/\/alfamedia.com\/fr\/wp-json\/wp\/v2\/posts\/6598","targetHints":{"allow":["GET"]}}],"collection":[{"href":"https:\/\/alfamedia.com\/fr\/wp-json\/wp\/v2\/posts"}],"about":[{"href":"https:\/\/alfamedia.com\/fr\/wp-json\/wp\/v2\/types\/post"}],"author":[{"embeddable":true,"href":"https:\/\/alfamedia.com\/fr\/wp-json\/wp\/v2\/users\/3"}],"replies":[{"embeddable":true,"href":"https:\/\/alfamedia.com\/fr\/wp-json\/wp\/v2\/comments?post=6598"}],"version-history":[{"count":0,"href":"https:\/\/alfamedia.com\/fr\/wp-json\/wp\/v2\/posts\/6598\/revisions"}],"wp:featuredmedia":[{"embeddable":true,"href":"https:\/\/alfamedia.com\/fr\/wp-json\/wp\/v2\/media\/6488"}],"wp:attachment":[{"href":"https:\/\/alfamedia.com\/fr\/wp-json\/wp\/v2\/media?parent=6598"}],"wp:term":[{"taxonomy":"category","embeddable":true,"href":"https:\/\/alfamedia.com\/fr\/wp-json\/wp\/v2\/categories?post=6598"},{"taxonomy":"post_tag","embeddable":true,"href":"https:\/\/alfamedia.com\/fr\/wp-json\/wp\/v2\/tags?post=6598"}],"curies":[{"name":"wp","href":"https:\/\/api.w.org\/{rel}","templated":true}]}}